{"id":6872,"date":"2022-12-01T11:37:44","date_gmt":"2022-12-01T16:37:44","guid":{"rendered":"https:\/\/acaweb.ca\/fr\/?p=6872"},"modified":"2022-12-01T11:39:11","modified_gmt":"2022-12-01T16:39:11","slug":"pourquoi-la-dei-ne-devrait-pas-etre-un-outil-de-marketing","status":"publish","type":"post","link":"https:\/\/acaweb.ca\/fr\/2022\/pourquoi-la-dei-ne-devrait-pas-etre-un-outil-de-marketing\/","title":{"rendered":"Pourquoi la DEI ne devrait pas \u00eatre un outil de marketing"},"content":{"rendered":"<p><img loading=\"lazy\" decoding=\"async\" class=\"alignleft wp-image-7004\" src=\"https:\/\/acaweb.ca\/en\/wp-content\/uploads\/sites\/2\/2022\/12\/DEI-marketing-blog-banner-300x212.png\" alt=\"picture of paper people of different colours\" width=\"290\" height=\"205\" \/>L\u2019ann\u00e9e 2020 n\u2019a pas \u00e9t\u00e9 comme les autres. \u00c0 partir de l\u2019arriv\u00e9e d\u2019un virus mortel qui a boulevers\u00e9 le monde, jusqu\u2019aux manifestations massives de #BlackLivesMatter d\u00e9clench\u00e9es par le meurtre pr\u00e9matur\u00e9 de George Floyd. <\/p>\n<p>Pour la premi\u00e8re fois, semble-t-il, les entreprises et les riches ont entendu les cris des Noirs et d\u2019autres personnes racialis\u00e9es et se sont engag\u00e9s \u00e0 faire mieux. De nombreuses entreprises ont reconnu leurs lacunes et ont suivi une formation sur la diversit\u00e9, l\u2019\u00e9quit\u00e9 et l\u2019inclusion, tandis que d\u2019autres ont embauch\u00e9 des experts pour diriger la transformation DEI au sein de leur organisation. <\/p>\n<p>Aujourd\u2019hui, moins de trois ans apr\u00e8s tous les changements sociaux positifs, on voit couramment les entreprises utiliser les progr\u00e8s qu\u2019elles ont r\u00e9alis\u00e9s en mati\u00e8re de diversit\u00e9, d\u2019\u00e9quit\u00e9 et d\u2019inclusion comme outil de marketing. C\u2019est une mauvaise d\u00e9cision. Plongeons dans le sujet.<\/p>\n<h2>Les faux pas de la diversit\u00e9<\/h2>\n<p>Avoir un personnel ou un service plus diversifi\u00e9 ne rapporte pas de points bonis \u00e0 votre entreprise. Les ressources humaines de votre organisation, y compris celles de la haute direction, doivent toujours refl\u00e9ter l\u2019environnement dans lequel elle op\u00e8re. Vanter la diversit\u00e9 de votre entreprise, surtout s\u2019il n\u2019est question que du personnel de premier \u00e9chelon, ne sert pas bien la diversit\u00e9. Au contraire, si vos cadres sup\u00e9rieurs ne refl\u00e8tent pas la composition du premier \u00e9chelon, cela illustre \u00e0 quel point vos motivations ne sont pas sinc\u00e8res.<\/p>\n<h2>N\u2019oubliez pas le \u00ab E \u00bb entre le \u00ab D \u00bb et le \u00ab I \u00bb<\/h2>\n<p>L\u2019\u00e9quit\u00e9 est souvent perdue lorsque les organisations tentent de travailler sur la diversit\u00e9, l\u2019\u00e9quit\u00e9 et l\u2019inclusion. En fait, certaines entreprises concentrent leurs initiatives entourant la justice sociale explicitement et uniquement sur les aspects de la diversit\u00e9 et de l\u2019inclusion. Mais il s\u2019agit aussi d\u2019une mauvaise d\u00e9cision. Une entreprise peut avoir le personnel le plus diversifi\u00e9, mais si ses politiques et ses d\u00e9cideurs n\u2019offrent pas le m\u00eame niveau de soutien et de possibilit\u00e9 de d\u00e9veloppement professionnel \u00e0 tous les membres de son personnel, ses efforts en mati\u00e8re de diversit\u00e9 et d\u2019inclusion ne sont qu\u2019une fa\u00e7ade, et ce n\u2019est qu\u2019une question de temps avant que tout s\u2019effondre.<\/p>\n<h2>Accueillir, respecter, accepter et valoriser les diff\u00e9rences<\/h2>\n<p>Pour avoir un milieu de travail inclusif, vous devez appr\u00e9cier le caract\u00e8re unique des personnes travaillant actuellement au sein de votre entreprise et de celles que vous embauchez, ce qui comprend leur race, leur origine ethnique, leur accent, la couleur de leur peau, leur \u00e2ge, leur sexe, leur orientation sexuelle, leur origine nationale et autres diff\u00e9rences visibles. L\u2019inclusion signifie un changement dans l\u2019\u00e9tat d\u2019esprit et la culture d\u2019une entreprise qui a des effets perceptibles, comme la fa\u00e7on dont les bureaux sont physiquement organis\u00e9s ou l\u2019acc\u00e8s aux installations ou \u00e0 l\u2019information.<\/p>\n<p>Faire du bon travail en mati\u00e8re de diversit\u00e9, d\u2019\u00e9quit\u00e9 et d\u2019inclusion s\u2019accompagne d\u2019une passion sinc\u00e8re pour l\u2019introduction d\u2019un bon changement social et n\u00e9cessite un investissement de temps et de ressources. Cela commence par des changements significatifs \u00e0 tous les \u00e9chelons sinon toute l\u2019initiative est d\u00e9pourvue de sens et la transformation est vou\u00e9e \u00e0 l\u2019\u00e9chec avant m\u00eame d\u2019avoir commenc\u00e9.<\/p>\n<p>Toutefois, plus important encore, si les initiatives touchant \u00e0 la diversit\u00e9, l\u2019\u00e9quit\u00e9 et l\u2019inclusion de votre entreprise portent d\u00e9j\u00e0 leurs fruits, il est important de noter qu\u2019il ne s\u2019agit pas l\u00e0 d\u2019une occasion marketing pour positionner votre marque comme meilleure que celle de vos concurrents. Au lieu de cela, utilisez plut\u00f4t vos messages pour tenter d\u2019inspirer les autres \u00e0 s\u2019engager \u00e0 bien faire les choses. Mais assurez-vous de consulter un expert dans ce domaine afin que les lignes entre vos messages marketing et vos messages inspirants ne soient pas floues.<\/p>\n<hr \/>\n<p><strong><img loading=\"lazy\" decoding=\"async\" src=\"https:\/\/acaweb.ca\/en\/wp-content\/uploads\/sites\/2\/2022\/12\/Darren-McAlmont-headshot-circle-300x300.png\" alt=\"Darren McAlmont headshot\" width=\"200\" height=\"200\" class=\"alignleft size-medium wp-image-7196\" \/>Darren McAlmont, sp\u00e9cialiste du marketing num\u00e9rique, Association canadienne des annonceurs<\/strong><\/p>\n<p>Darren est un auteur prim\u00e9 qui concentre son travail principalement sur les questions de diversit\u00e9, d\u2019\u00e9quit\u00e9 et d\u2019inclusion. Ses \u00e9crits se r\u00e9v\u00e8lent souvent populaires sur les m\u00e9dias sociaux et sont partag\u00e9s r\u00e9guli\u00e8rement par des personnalit\u00e9s respect\u00e9es qui \u0153uvrent dans l\u2019univers de la DEI. Darren est titulaire d\u2019une ma\u00eetrise en rh\u00e9torique et design de communication de l\u2019Universit\u00e9 de Waterloo et d\u2019un <\/p>\n","protected":false},"excerpt":{"rendered":"<p>Faire du bon travail en mati\u00e8re de diversit\u00e9, d\u2019\u00e9quit\u00e9 et d\u2019inclusion s\u2019accompagne d\u2019une passion sinc\u00e8re pour l\u2019introduction d\u2019un bon changement social et n\u00e9cessite un investissement de temps et de ressources. Cela commence par des changements significatifs \u00e0 tous les \u00e9chelons sinon toute l\u2019initiative est d\u00e9pourvue de sens et la transformation est vou\u00e9e \u00e0 l\u2019\u00e9chec avant m\u00eame d\u2019avoir commenc\u00e9.<\/p>\n","protected":false},"author":179,"featured_media":0,"comment_status":"open","ping_status":"open","sticky":false,"template":"","format":"standard","meta":{"_acf_changed":false,"content-type":"","footnotes":""},"categories":[872,609],"tags":[876,873,874,875],"acf":[],"yoast_head":"<!-- This site is optimized with the Yoast SEO plugin v23.4 - https:\/\/yoast.com\/wordpress\/plugins\/seo\/ -->\n<title>Pourquoi la DEI ne devrait pas \u00eatre un outil de marketing - Association canadienne des annonceurs<\/title>\n<meta name=\"description\" content=\"Faire du bon travail en mati\u00e8re de diversit\u00e9, d\u2019\u00e9quit\u00e9 et d\u2019inclusion s\u2019accompagne d\u2019une passion sinc\u00e8re pour l\u2019introduction d\u2019un bon changement social et n\u00e9cessite un investissement de temps et de ressources. Cela commence par des changements significatifs \u00e0 tous les \u00e9chelons sinon toute l\u2019initiative est d\u00e9pourvue de sens et la transformation est vou\u00e9e \u00e0 l\u2019\u00e9chec avant m\u00eame d\u2019avoir commenc\u00e9.\" \/>\n<meta name=\"robots\" content=\"index, follow, max-snippet:-1, max-image-preview:large, max-video-preview:-1\" \/>\n<link rel=\"canonical\" href=\"https:\/\/acaweb.ca\/fr\/2022\/pourquoi-la-dei-ne-devrait-pas-etre-un-outil-de-marketing\/\" \/>\n<meta property=\"og:locale\" content=\"fr_CA\" \/>\n<meta property=\"og:type\" content=\"article\" \/>\n<meta property=\"og:title\" content=\"Pourquoi la DEI ne devrait pas \u00eatre un outil de marketing - Association canadienne des annonceurs\" \/>\n<meta property=\"og:description\" content=\"Faire du bon travail en mati\u00e8re de diversit\u00e9, d\u2019\u00e9quit\u00e9 et d\u2019inclusion s\u2019accompagne d\u2019une passion sinc\u00e8re pour l\u2019introduction d\u2019un bon changement social et n\u00e9cessite un investissement de temps et de ressources. Cela commence par des changements significatifs \u00e0 tous les \u00e9chelons sinon toute l\u2019initiative est d\u00e9pourvue de sens et la transformation est vou\u00e9e \u00e0 l\u2019\u00e9chec avant m\u00eame d\u2019avoir commenc\u00e9.\" \/>\n<meta property=\"og:url\" content=\"https:\/\/acaweb.ca\/fr\/2022\/pourquoi-la-dei-ne-devrait-pas-etre-un-outil-de-marketing\/\" \/>\n<meta property=\"og:site_name\" content=\"Association canadienne des annonceurs\" \/>\n<meta property=\"article:published_time\" content=\"2022-12-01T16:37:44+00:00\" \/>\n<meta property=\"article:modified_time\" content=\"2022-12-01T16:39:11+00:00\" \/>\n<meta property=\"og:image\" content=\"https:\/\/acaweb.ca\/en\/wp-content\/uploads\/sites\/2\/2022\/12\/DEI-marketing-blog-banner-300x212.png\" \/>\n<meta name=\"author\" content=\"mcalmontdarren\" \/>\n<meta name=\"twitter:card\" content=\"summary_large_image\" \/>\n<meta name=\"twitter:label1\" content=\"\u00c9crit par\" \/>\n\t<meta name=\"twitter:data1\" content=\"mcalmontdarren\" \/>\n\t<meta name=\"twitter:label2\" content=\"Estimation du temps de lecture\" \/>\n\t<meta name=\"twitter:data2\" content=\"4 minutes\" \/>\n<script type=\"application\/ld+json\" class=\"yoast-schema-graph\">{\"@context\":\"https:\/\/schema.org\",\"@graph\":[{\"@type\":\"Article\",\"@id\":\"https:\/\/acaweb.ca\/fr\/2022\/pourquoi-la-dei-ne-devrait-pas-etre-un-outil-de-marketing\/#article\",\"isPartOf\":{\"@id\":\"https:\/\/acaweb.ca\/fr\/2022\/pourquoi-la-dei-ne-devrait-pas-etre-un-outil-de-marketing\/\"},\"author\":{\"name\":\"mcalmontdarren\",\"@id\":\"https:\/\/acaweb.ca\/fr\/#\/schema\/person\/633952e71d7fb77d6282fdbdfc52c71e\"},\"headline\":\"Pourquoi la DEI ne devrait pas \u00eatre un outil de marketing\",\"datePublished\":\"2022-12-01T16:37:44+00:00\",\"dateModified\":\"2022-12-01T16:39:11+00:00\",\"mainEntityOfPage\":{\"@id\":\"https:\/\/acaweb.ca\/fr\/2022\/pourquoi-la-dei-ne-devrait-pas-etre-un-outil-de-marketing\/\"},\"wordCount\":766,\"commentCount\":0,\"publisher\":{\"@id\":\"https:\/\/acaweb.ca\/fr\/#organization\"},\"image\":{\"@id\":\"https:\/\/acaweb.ca\/fr\/2022\/pourquoi-la-dei-ne-devrait-pas-etre-un-outil-de-marketing\/#primaryimage\"},\"thumbnailUrl\":\"https:\/\/acaweb.ca\/en\/wp-content\/uploads\/sites\/2\/2022\/12\/DEI-marketing-blog-banner-300x212.png\",\"keywords\":[\"DEI\",\"diversit\u00e9\",\"l\u2019\u00e9quit\u00e9\",\"l\u2019inclusion\"],\"articleSection\":[\"diversit\u00e9 et d\u00e9veloppement durable\",\"R\u00e9presentation\"],\"inLanguage\":\"fr-CA\",\"potentialAction\":[{\"@type\":\"CommentAction\",\"name\":\"Comment\",\"target\":[\"https:\/\/acaweb.ca\/fr\/2022\/pourquoi-la-dei-ne-devrait-pas-etre-un-outil-de-marketing\/#respond\"]}]},{\"@type\":\"WebPage\",\"@id\":\"https:\/\/acaweb.ca\/fr\/2022\/pourquoi-la-dei-ne-devrait-pas-etre-un-outil-de-marketing\/\",\"url\":\"https:\/\/acaweb.ca\/fr\/2022\/pourquoi-la-dei-ne-devrait-pas-etre-un-outil-de-marketing\/\",\"name\":\"Pourquoi la DEI ne devrait pas \u00eatre un outil de marketing - Association canadienne des annonceurs\",\"isPartOf\":{\"@id\":\"https:\/\/acaweb.ca\/fr\/#website\"},\"primaryImageOfPage\":{\"@id\":\"https:\/\/acaweb.ca\/fr\/2022\/pourquoi-la-dei-ne-devrait-pas-etre-un-outil-de-marketing\/#primaryimage\"},\"image\":{\"@id\":\"https:\/\/acaweb.ca\/fr\/2022\/pourquoi-la-dei-ne-devrait-pas-etre-un-outil-de-marketing\/#primaryimage\"},\"thumbnailUrl\":\"https:\/\/acaweb.ca\/en\/wp-content\/uploads\/sites\/2\/2022\/12\/DEI-marketing-blog-banner-300x212.png\",\"datePublished\":\"2022-12-01T16:37:44+00:00\",\"dateModified\":\"2022-12-01T16:39:11+00:00\",\"description\":\"Faire du bon travail en mati\u00e8re de diversit\u00e9, d\u2019\u00e9quit\u00e9 et d\u2019inclusion s\u2019accompagne d\u2019une passion sinc\u00e8re pour l\u2019introduction d\u2019un bon changement social et n\u00e9cessite un investissement de temps et de ressources. Cela commence par des changements significatifs \u00e0 tous les \u00e9chelons sinon toute l\u2019initiative est d\u00e9pourvue de sens et la transformation est vou\u00e9e \u00e0 l\u2019\u00e9chec avant m\u00eame d\u2019avoir commenc\u00e9.\",\"breadcrumb\":{\"@id\":\"https:\/\/acaweb.ca\/fr\/2022\/pourquoi-la-dei-ne-devrait-pas-etre-un-outil-de-marketing\/#breadcrumb\"},\"inLanguage\":\"fr-CA\",\"potentialAction\":[{\"@type\":\"ReadAction\",\"target\":[\"https:\/\/acaweb.ca\/fr\/2022\/pourquoi-la-dei-ne-devrait-pas-etre-un-outil-de-marketing\/\"]}]},{\"@type\":\"ImageObject\",\"inLanguage\":\"fr-CA\",\"@id\":\"https:\/\/acaweb.ca\/fr\/2022\/pourquoi-la-dei-ne-devrait-pas-etre-un-outil-de-marketing\/#primaryimage\",\"url\":\"https:\/\/acaweb.ca\/en\/wp-content\/uploads\/sites\/2\/2022\/12\/DEI-marketing-blog-banner-300x212.png\",\"contentUrl\":\"https:\/\/acaweb.ca\/en\/wp-content\/uploads\/sites\/2\/2022\/12\/DEI-marketing-blog-banner-300x212.png\"},{\"@type\":\"BreadcrumbList\",\"@id\":\"https:\/\/acaweb.ca\/fr\/2022\/pourquoi-la-dei-ne-devrait-pas-etre-un-outil-de-marketing\/#breadcrumb\",\"itemListElement\":[{\"@type\":\"ListItem\",\"position\":1,\"name\":\"Accueil\",\"item\":\"https:\/\/acaweb.ca\/fr\/\"},{\"@type\":\"ListItem\",\"position\":2,\"name\":\"Pourquoi la DEI ne devrait pas \u00eatre un outil de marketing\"}]},{\"@type\":\"WebSite\",\"@id\":\"https:\/\/acaweb.ca\/fr\/#website\",\"url\":\"https:\/\/acaweb.ca\/fr\/\",\"name\":\"Association canadienne des annonceurs\",\"description\":\"\",\"publisher\":{\"@id\":\"https:\/\/acaweb.ca\/fr\/#organization\"},\"potentialAction\":[{\"@type\":\"SearchAction\",\"target\":{\"@type\":\"EntryPoint\",\"urlTemplate\":\"https:\/\/acaweb.ca\/fr\/?s={search_term_string}\"},\"query-input\":{\"@type\":\"PropertyValueSpecification\",\"valueRequired\":true,\"valueName\":\"search_term_string\"}}],\"inLanguage\":\"fr-CA\"},{\"@type\":\"Organization\",\"@id\":\"https:\/\/acaweb.ca\/fr\/#organization\",\"name\":\"Association canadienne des annonceurs\",\"url\":\"https:\/\/acaweb.ca\/fr\/\",\"logo\":{\"@type\":\"ImageObject\",\"inLanguage\":\"fr-CA\",\"@id\":\"https:\/\/acaweb.ca\/fr\/#\/schema\/logo\/image\/\",\"url\":\"https:\/\/acaweb.ca\/fr\/wp-content\/uploads\/sites\/3\/2017\/10\/cropped-ACA-FR-logo-colour.png\",\"contentUrl\":\"https:\/\/acaweb.ca\/fr\/wp-content\/uploads\/sites\/3\/2017\/10\/cropped-ACA-FR-logo-colour.png\",\"width\":1595,\"height\":417,\"caption\":\"Association canadienne des annonceurs\"},\"image\":{\"@id\":\"https:\/\/acaweb.ca\/fr\/#\/schema\/logo\/image\/\"}},{\"@type\":\"Person\",\"@id\":\"https:\/\/acaweb.ca\/fr\/#\/schema\/person\/633952e71d7fb77d6282fdbdfc52c71e\",\"name\":\"mcalmontdarren\",\"image\":{\"@type\":\"ImageObject\",\"inLanguage\":\"fr-CA\",\"@id\":\"https:\/\/acaweb.ca\/fr\/#\/schema\/person\/image\/\",\"url\":\"https:\/\/secure.gravatar.com\/avatar\/5ffef8b1c8eb7c22b0f29c7daef2bfc4?s=96&d=mm&r=g\",\"contentUrl\":\"https:\/\/secure.gravatar.com\/avatar\/5ffef8b1c8eb7c22b0f29c7daef2bfc4?s=96&d=mm&r=g\",\"caption\":\"mcalmontdarren\"},\"description\":\"Gestionnaire, Communications et contenu, Association canadienne des annonceurs\",\"sameAs\":[\"https:\/\/www.linkedin.com\/in\/darren-mcalmont-28667555\/\"],\"url\":\"https:\/\/acaweb.ca\/fr\/author\/mcalmontdarren\/\"}]}<\/script>\n<!-- \/ Yoast SEO plugin. -->","yoast_head_json":{"title":"Pourquoi la DEI ne devrait pas \u00eatre un outil de marketing - Association canadienne des annonceurs","description":"Faire du bon travail en mati\u00e8re de diversit\u00e9, d\u2019\u00e9quit\u00e9 et d\u2019inclusion s\u2019accompagne d\u2019une passion sinc\u00e8re pour l\u2019introduction d\u2019un bon changement social et n\u00e9cessite un investissement de temps et de ressources. Cela commence par des changements significatifs \u00e0 tous les \u00e9chelons sinon toute l\u2019initiative est d\u00e9pourvue de sens et la transformation est vou\u00e9e \u00e0 l\u2019\u00e9chec avant m\u00eame d\u2019avoir commenc\u00e9.","robots":{"index":"index","follow":"follow","max-snippet":"max-snippet:-1","max-image-preview":"max-image-preview:large","max-video-preview":"max-video-preview:-1"},"canonical":"https:\/\/acaweb.ca\/fr\/2022\/pourquoi-la-dei-ne-devrait-pas-etre-un-outil-de-marketing\/","og_locale":"fr_CA","og_type":"article","og_title":"Pourquoi la DEI ne devrait pas \u00eatre un outil de marketing - Association canadienne des annonceurs","og_description":"Faire du bon travail en mati\u00e8re de diversit\u00e9, d\u2019\u00e9quit\u00e9 et d\u2019inclusion s\u2019accompagne d\u2019une passion sinc\u00e8re pour l\u2019introduction d\u2019un bon changement social et n\u00e9cessite un investissement de temps et de ressources. Cela commence par des changements significatifs \u00e0 tous les \u00e9chelons sinon toute l\u2019initiative est d\u00e9pourvue de sens et la transformation est vou\u00e9e \u00e0 l\u2019\u00e9chec avant m\u00eame d\u2019avoir commenc\u00e9.","og_url":"https:\/\/acaweb.ca\/fr\/2022\/pourquoi-la-dei-ne-devrait-pas-etre-un-outil-de-marketing\/","og_site_name":"Association canadienne des annonceurs","article_published_time":"2022-12-01T16:37:44+00:00","article_modified_time":"2022-12-01T16:39:11+00:00","og_image":[{"url":"https:\/\/acaweb.ca\/en\/wp-content\/uploads\/sites\/2\/2022\/12\/DEI-marketing-blog-banner-300x212.png"}],"author":"mcalmontdarren","twitter_card":"summary_large_image","twitter_misc":{"\u00c9crit par":"mcalmontdarren","Estimation du temps de lecture":"4 minutes"},"schema":{"@context":"https:\/\/schema.org","@graph":[{"@type":"Article","@id":"https:\/\/acaweb.ca\/fr\/2022\/pourquoi-la-dei-ne-devrait-pas-etre-un-outil-de-marketing\/#article","isPartOf":{"@id":"https:\/\/acaweb.ca\/fr\/2022\/pourquoi-la-dei-ne-devrait-pas-etre-un-outil-de-marketing\/"},"author":{"name":"mcalmontdarren","@id":"https:\/\/acaweb.ca\/fr\/#\/schema\/person\/633952e71d7fb77d6282fdbdfc52c71e"},"headline":"Pourquoi la DEI ne devrait pas \u00eatre un outil de marketing","datePublished":"2022-12-01T16:37:44+00:00","dateModified":"2022-12-01T16:39:11+00:00","mainEntityOfPage":{"@id":"https:\/\/acaweb.ca\/fr\/2022\/pourquoi-la-dei-ne-devrait-pas-etre-un-outil-de-marketing\/"},"wordCount":766,"commentCount":0,"publisher":{"@id":"https:\/\/acaweb.ca\/fr\/#organization"},"image":{"@id":"https:\/\/acaweb.ca\/fr\/2022\/pourquoi-la-dei-ne-devrait-pas-etre-un-outil-de-marketing\/#primaryimage"},"thumbnailUrl":"https:\/\/acaweb.ca\/en\/wp-content\/uploads\/sites\/2\/2022\/12\/DEI-marketing-blog-banner-300x212.png","keywords":["DEI","diversit\u00e9","l\u2019\u00e9quit\u00e9","l\u2019inclusion"],"articleSection":["diversit\u00e9 et d\u00e9veloppement durable","R\u00e9presentation"],"inLanguage":"fr-CA","potentialAction":[{"@type":"CommentAction","name":"Comment","target":["https:\/\/acaweb.ca\/fr\/2022\/pourquoi-la-dei-ne-devrait-pas-etre-un-outil-de-marketing\/#respond"]}]},{"@type":"WebPage","@id":"https:\/\/acaweb.ca\/fr\/2022\/pourquoi-la-dei-ne-devrait-pas-etre-un-outil-de-marketing\/","url":"https:\/\/acaweb.ca\/fr\/2022\/pourquoi-la-dei-ne-devrait-pas-etre-un-outil-de-marketing\/","name":"Pourquoi la DEI ne devrait pas \u00eatre un outil de marketing - Association canadienne des annonceurs","isPartOf":{"@id":"https:\/\/acaweb.ca\/fr\/#website"},"primaryImageOfPage":{"@id":"https:\/\/acaweb.ca\/fr\/2022\/pourquoi-la-dei-ne-devrait-pas-etre-un-outil-de-marketing\/#primaryimage"},"image":{"@id":"https:\/\/acaweb.ca\/fr\/2022\/pourquoi-la-dei-ne-devrait-pas-etre-un-outil-de-marketing\/#primaryimage"},"thumbnailUrl":"https:\/\/acaweb.ca\/en\/wp-content\/uploads\/sites\/2\/2022\/12\/DEI-marketing-blog-banner-300x212.png","datePublished":"2022-12-01T16:37:44+00:00","dateModified":"2022-12-01T16:39:11+00:00","description":"Faire du bon travail en mati\u00e8re de diversit\u00e9, d\u2019\u00e9quit\u00e9 et d\u2019inclusion s\u2019accompagne d\u2019une passion sinc\u00e8re pour l\u2019introduction d\u2019un bon changement social et n\u00e9cessite un investissement de temps et de ressources. Cela commence par des changements significatifs \u00e0 tous les \u00e9chelons sinon toute l\u2019initiative est d\u00e9pourvue de sens et la transformation est vou\u00e9e \u00e0 l\u2019\u00e9chec avant m\u00eame d\u2019avoir commenc\u00e9.","breadcrumb":{"@id":"https:\/\/acaweb.ca\/fr\/2022\/pourquoi-la-dei-ne-devrait-pas-etre-un-outil-de-marketing\/#breadcrumb"},"inLanguage":"fr-CA","potentialAction":[{"@type":"ReadAction","target":["https:\/\/acaweb.ca\/fr\/2022\/pourquoi-la-dei-ne-devrait-pas-etre-un-outil-de-marketing\/"]}]},{"@type":"ImageObject","inLanguage":"fr-CA","@id":"https:\/\/acaweb.ca\/fr\/2022\/pourquoi-la-dei-ne-devrait-pas-etre-un-outil-de-marketing\/#primaryimage","url":"https:\/\/acaweb.ca\/en\/wp-content\/uploads\/sites\/2\/2022\/12\/DEI-marketing-blog-banner-300x212.png","contentUrl":"https:\/\/acaweb.ca\/en\/wp-content\/uploads\/sites\/2\/2022\/12\/DEI-marketing-blog-banner-300x212.png"},{"@type":"BreadcrumbList","@id":"https:\/\/acaweb.ca\/fr\/2022\/pourquoi-la-dei-ne-devrait-pas-etre-un-outil-de-marketing\/#breadcrumb","itemListElement":[{"@type":"ListItem","position":1,"name":"Accueil","item":"https:\/\/acaweb.ca\/fr\/"},{"@type":"ListItem","position":2,"name":"Pourquoi la DEI ne devrait pas \u00eatre un outil de marketing"}]},{"@type":"WebSite","@id":"https:\/\/acaweb.ca\/fr\/#website","url":"https:\/\/acaweb.ca\/fr\/","name":"Association canadienne des annonceurs","description":"","publisher":{"@id":"https:\/\/acaweb.ca\/fr\/#organization"},"potentialAction":[{"@type":"SearchAction","target":{"@type":"EntryPoint","urlTemplate":"https:\/\/acaweb.ca\/fr\/?s={search_term_string}"},"query-input":{"@type":"PropertyValueSpecification","valueRequired":true,"valueName":"search_term_string"}}],"inLanguage":"fr-CA"},{"@type":"Organization","@id":"https:\/\/acaweb.ca\/fr\/#organization","name":"Association canadienne des annonceurs","url":"https:\/\/acaweb.ca\/fr\/","logo":{"@type":"ImageObject","inLanguage":"fr-CA","@id":"https:\/\/acaweb.ca\/fr\/#\/schema\/logo\/image\/","url":"https:\/\/acaweb.ca\/fr\/wp-content\/uploads\/sites\/3\/2017\/10\/cropped-ACA-FR-logo-colour.png","contentUrl":"https:\/\/acaweb.ca\/fr\/wp-content\/uploads\/sites\/3\/2017\/10\/cropped-ACA-FR-logo-colour.png","width":1595,"height":417,"caption":"Association canadienne des annonceurs"},"image":{"@id":"https:\/\/acaweb.ca\/fr\/#\/schema\/logo\/image\/"}},{"@type":"Person","@id":"https:\/\/acaweb.ca\/fr\/#\/schema\/person\/633952e71d7fb77d6282fdbdfc52c71e","name":"mcalmontdarren","image":{"@type":"ImageObject","inLanguage":"fr-CA","@id":"https:\/\/acaweb.ca\/fr\/#\/schema\/person\/image\/","url":"https:\/\/secure.gravatar.com\/avatar\/5ffef8b1c8eb7c22b0f29c7daef2bfc4?s=96&d=mm&r=g","contentUrl":"https:\/\/secure.gravatar.com\/avatar\/5ffef8b1c8eb7c22b0f29c7daef2bfc4?s=96&d=mm&r=g","caption":"mcalmontdarren"},"description":"Gestionnaire, Communications et contenu, Association canadienne des annonceurs","sameAs":["https:\/\/www.linkedin.com\/in\/darren-mcalmont-28667555\/"],"url":"https:\/\/acaweb.ca\/fr\/author\/mcalmontdarren\/"}]}},"_links":{"self":[{"href":"https:\/\/acaweb.ca\/fr\/wp-json\/wp\/v2\/posts\/6872"}],"collection":[{"href":"https:\/\/acaweb.ca\/fr\/wp-json\/wp\/v2\/posts"}],"about":[{"href":"https:\/\/acaweb.ca\/fr\/wp-json\/wp\/v2\/types\/post"}],"author":[{"embeddable":true,"href":"https:\/\/acaweb.ca\/fr\/wp-json\/wp\/v2\/users\/179"}],"replies":[{"embeddable":true,"href":"https:\/\/acaweb.ca\/fr\/wp-json\/wp\/v2\/comments?post=6872"}],"version-history":[{"count":2,"href":"https:\/\/acaweb.ca\/fr\/wp-json\/wp\/v2\/posts\/6872\/revisions"}],"predecessor-version":[{"id":6874,"href":"https:\/\/acaweb.ca\/fr\/wp-json\/wp\/v2\/posts\/6872\/revisions\/6874"}],"wp:attachment":[{"href":"https:\/\/acaweb.ca\/fr\/wp-json\/wp\/v2\/media?parent=6872"}],"wp:term":[{"taxonomy":"category","embeddable":true,"href":"https:\/\/acaweb.ca\/fr\/wp-json\/wp\/v2\/categories?post=6872"},{"taxonomy":"post_tag","embeddable":true,"href":"https:\/\/acaweb.ca\/fr\/wp-json\/wp\/v2\/tags?post=6872"}],"curies":[{"name":"wp","href":"https:\/\/api.w.org\/{rel}","templated":true}]}}