{"id":3333,"date":"2018-07-19T14:18:17","date_gmt":"2018-07-19T18:18:17","guid":{"rendered":"http:\/\/acaweb.ca\/fr\/?p=3333"},"modified":"2018-07-19T14:18:17","modified_gmt":"2018-07-19T18:18:17","slug":"medias-numeriques-et-tele-faits-pour-sentendre","status":"publish","type":"post","link":"https:\/\/acaweb.ca\/fr\/2018\/medias-numeriques-et-tele-faits-pour-sentendre\/","title":{"rendered":"M\u00e9dias num\u00e9riques et t\u00e9l\u00e9 : faits pour s\u2019entendre"},"content":{"rendered":"<p><img loading=\"lazy\" decoding=\"async\" src=\"http:\/\/acaweb.ca\/en\/wp-content\/uploads\/sites\/2\/2018\/07\/6-packed-house-1-300x200.jpg\" alt=\"\" width=\"300\" height=\"200\" class=\"alignleft size-medium wp-image-3814\" \/><\/p>\n<p><em>Veuillez noter qu\u2019\u00e0 l\u2019exception du premier, tous les liens fournis m\u00e8nent \u00e0 des sites en anglais.<\/em><\/p>\n<p>Le dernier <a href=\"http:\/\/acaweb.ca\/fr\/?event=rapprochement-des-ecrans-tele-et-medias-numeriques&amp;noredirect=fr_CA\">Forum ex\u00e9cutif de l\u2019ACA <\/a>a r\u00e9uni trois conf\u00e9renciers ayant des id\u00e9es fort int\u00e9ressantes sur l\u2019interd\u00e9pendance croissante des mondes de la publicit\u00e9 t\u00e9l\u00e9 et num\u00e9rique. Les marques font toutes face au m\u00eame dilemme\u00a0: comment utiliser l\u2019\u00e9valuation des m\u00e9dias num\u00e9riques pour recueillir des donn\u00e9es sur les habitudes de visionnement t\u00e9l\u00e9 des consommateurs? Quels sont les meilleurs ensembles de donn\u00e9es, et comment doit-on mesurer l\u2019efficacit\u00e9 des campagnes? L\u2019industrie se pose de telles questions depuis plusieurs ann\u00e9es, sans r\u00e9ussir \u00e0 y r\u00e9pondre.<\/p>\n<p>Comme George Ivie, directeur g\u00e9n\u00e9ral et chef de la direction du <a href=\"http:\/\/mediaratingcouncil.org\/\" target=\"_blank\" rel=\"noopener\">Media Rating Council<\/a> des \u00c9tats-Unis, l\u2019a d\u00e9montr\u00e9 aux participants, la normalisation de l\u2019\u00e9valuation du succ\u00e8s d\u2019une annonce est une lutte constante \u2013 au cours des cinq derni\u00e8res ann\u00e9es seulement, le MRC a publi\u00e9 27 articles diff\u00e9rents \u00e0 ce sujet!<\/p>\n<p><img loading=\"lazy\" decoding=\"async\" style=\"border:1px solid #404041;\" src=\"http:\/\/acaweb.ca\/fr\/wp-content\/uploads\/sites\/3\/2018\/07\/slide-1-1200px-1024x797.jpg\" alt=\"\" width=\"1024\" height=\"797\" class=\"alignnone size-large wp-image-3341\" srcset=\"https:\/\/acaweb.ca\/fr\/wp-content\/uploads\/sites\/3\/2018\/07\/slide-1-1200px-1024x797.jpg 1024w, https:\/\/acaweb.ca\/fr\/wp-content\/uploads\/sites\/3\/2018\/07\/slide-1-1200px-300x234.jpg 300w, https:\/\/acaweb.ca\/fr\/wp-content\/uploads\/sites\/3\/2018\/07\/slide-1-1200px-768x598.jpg 768w, https:\/\/acaweb.ca\/fr\/wp-content\/uploads\/sites\/3\/2018\/07\/slide-1-1200px.jpg 1200w, https:\/\/acaweb.ca\/fr\/wp-content\/uploads\/sites\/3\/2018\/07\/slide-1-1200px-790x615.jpg 790w, https:\/\/acaweb.ca\/fr\/wp-content\/uploads\/sites\/3\/2018\/07\/slide-1-1200px-225x175.jpg 225w\" sizes=\"(max-width: 1024px) 100vw, 1024px\" \/><\/p>\n<p>Pour ce qui est de la t\u00e9l\u00e9, loin de la rendre obsol\u00e8te, les donn\u00e9es lui insufflent une <a href=\"https:\/\/www.cnbc.com\/2018\/01\/16\/tv-ads-more-effective-than-digital-says-mars-marketing-chief.html\" target=\"_blank\" rel=\"noopener\">\u00e9nergie nouvelle<\/a> en tant qu\u2019outil marketing et offrent aux annonceurs des fa\u00e7ons nouvelles et de plus en plus efficaces de s\u2019adresser aux consommateurs.<\/p>\n<p>Les conf\u00e9renciers ont ainsi montr\u00e9 que le lien entre la t\u00e9l\u00e9 et les m\u00e9dias num\u00e9riques cr\u00e9aient une convergence id\u00e9ale pour les annonceurs.<\/p>\n<p><strong>1\u00a0: La t\u00e9l\u00e9vision influence encore les d\u00e9cisions d\u2019achat des consommateurs<\/strong><\/p>\n<p>T. S. Kelly, le vice-pr\u00e9sident principal de <a href=\"https:\/\/alphonso.tv\/\" target=\"_blank\" rel=\"noopener\">Alphonso TV<\/a>, a pr\u00e9sent\u00e9 un aper\u00e7u de la possibilit\u00e9 qu\u2019a son entreprise de suivre en temps r\u00e9el le placement des annonces dans tous les r\u00e9seaux de t\u00e9l\u00e9vision aux \u00c9tats-Unis. L\u2019entreprise a en effet programm\u00e9 des centaines d\u2019ordinateurs pour qu\u2019ils surveillent la t\u00e9l\u00e9 24 heures sur 24 et enregistrent toutes les annonces diffus\u00e9es par chaque station du pays. Leur serveur utilise ensuite la<a href=\"https:\/\/alphonso.tv\/alphonso-tv-data-cloud\/#acr\" target=\"_blank\" rel=\"noopener\"> reconnaissance automatique des contenus<\/a> pour identifier chaque annonce en moins d\u2019une seconde et la classer par marque, type de produit, heure de diffusion et plus. Comme vous pouvez l\u2019imaginer, ceci g\u00e9n\u00e8re une quantit\u00e9 astronomique de donn\u00e9es. (Ce <a href=\"https:\/\/tvads.alphonso.tv\/videowall\" target=\"_blank\" rel=\"noopener\">tableau de bord <\/a>vous permet d\u2019ailleurs de savoir en temps r\u00e9el ce que les ordinateurs surveillent)<\/p>\n<p><img loading=\"lazy\" decoding=\"async\" style=\"border:1px solid #404041;\" src=\"http:\/\/acaweb.ca\/fr\/wp-content\/uploads\/sites\/3\/2018\/07\/slide-2-1200px-1024x576.jpg\" alt=\"\" width=\"1024\" height=\"576\" class=\"alignnone size-large wp-image-3342\" srcset=\"https:\/\/acaweb.ca\/fr\/wp-content\/uploads\/sites\/3\/2018\/07\/slide-2-1200px-1024x576.jpg 1024w, https:\/\/acaweb.ca\/fr\/wp-content\/uploads\/sites\/3\/2018\/07\/slide-2-1200px-300x169.jpg 300w, https:\/\/acaweb.ca\/fr\/wp-content\/uploads\/sites\/3\/2018\/07\/slide-2-1200px-768x432.jpg 768w, https:\/\/acaweb.ca\/fr\/wp-content\/uploads\/sites\/3\/2018\/07\/slide-2-1200px.jpg 1200w, https:\/\/acaweb.ca\/fr\/wp-content\/uploads\/sites\/3\/2018\/07\/slide-2-1200px-1093x615.jpg 1093w, https:\/\/acaweb.ca\/fr\/wp-content\/uploads\/sites\/3\/2018\/07\/slide-2-1200px-311x175.jpg 311w\" sizes=\"(max-width: 1024px) 100vw, 1024px\" \/><\/p>\n<p>L\u2019exploitation strat\u00e9gique de ces donn\u00e9es dans les campagnes marketing d\u2019une marque offre des possibilit\u00e9s incroyables, plus particuli\u00e8rement en ce qui a trait au ciblage des annonces t\u00e9l\u00e9 en fonction de l\u2019heure de diffusion. Dans un des premiers tests effectu\u00e9s par les clients d\u2019Alphonso, une cha\u00eene de restaurant voulait mesurer l\u2019achalandage de ses succursales selon l\u2019exposition \u00e0 ses publicit\u00e9s t\u00e9l\u00e9. Au cours des 12 semaines du test, l\u2019\u00e9quipe a not\u00e9 les visites aux restaurants en fonction des annonces diffus\u00e9es dans certaines r\u00e9gions. On a ainsi pu d\u00e9montrer (\u00e0 partir d\u2019une augmentation de 3.23 % des visites r\u00e9v\u00e9l\u00e9e par la corr\u00e9lation) \u00e0 quelle p\u00e9riode de la journ\u00e9e, la marque devrait diffuser ses annonces pour accro\u00eetre l\u2019achalandage.<\/p>\n<p><strong>2\u00a0:\u00a0 L\u2019objectif principal de votre campagne devrait \u00eatre la pertinence contextuelle et non la saturation.<\/strong><\/p>\n<p>De son c\u00f4t\u00e9, Shane Skillen, chef de la direction de la firme de recherche marketing d\u2019envergure globale <a href=\"http:\/\/www.hotspex.ca\/\" target=\"_blank\" rel=\"noopener\">Hotspex<\/a>, a entra\u00een\u00e9 les participants dans le monde de l\u2019exploitation des <a href=\"https:\/\/www.nytimes.com\/2010\/11\/14\/business\/14stream.html\" target=\"_blank\" rel=\"noopener\">neurosciences <\/a>en marketing, qui a permis de d\u00e9montrer scientifiquement que notre cerveau est programm\u00e9 pour analyser le contexte. Lorsqu\u2019on voit une annonce \u00e0 proximit\u00e9 d\u2019un contenu, celle-ci est compl\u00e9mentaire ou non. Or, la plupart du temps, l\u2019annonce diffus\u00e9e avant une vid\u00e9o ou au cours d\u2019une \u00e9mission n\u2019a rien \u00e0 voir avec le th\u00e8me, l\u2019ambiance et les sentiments g\u00e9n\u00e9r\u00e9s par ce contenu. Ceci entra\u00eene une r\u00e9action n\u00e9gative dans notre cerveau. Et, en r\u00e8gle g\u00e9n\u00e9rale, plus cette publicit\u00e9 d\u00e9range, plus nous sommes susceptibles d\u2019y r\u00e9agir n\u00e9gativement.<\/p>\n<p>Hotspex a effectu\u00e9 une \u00e9tude en collaboration avec Google sur les liens entre contexte et rendement. L\u2019une de ses constatations principales a \u00e9t\u00e9 de montrer que, lorsque les annonces \u00e9taient plac\u00e9es hors contexte, on pouvait noter une baisse pouvant atteindre 19% dans l\u2019intention d\u2019achat, ce qui constitue un gaspillage de budget publicitaire, puisque, comme le note M. Skillen, il n\u2019en co\u00fbte pas plus cher de placer ses annonces dans le contexte appropri\u00e9.<\/p>\n","protected":false},"excerpt":{"rendered":"<p>Veuillez noter qu\u2019\u00e0 l\u2019exception du premier, tous les liens fournis m\u00e8nent \u00e0 des sites en anglais. Le dernier Forum ex\u00e9cutif de l\u2019ACA a r\u00e9uni trois conf\u00e9renciers ayant des id\u00e9es fort int\u00e9ressantes sur l\u2019interd\u00e9pendance croissante des mondes de la publicit\u00e9 t\u00e9l\u00e9 et num\u00e9rique. Les marques font toutes face au m\u00eame dilemme\u00a0: comment utiliser l\u2019\u00e9valuation des m\u00e9dias [&hellip;]<\/p>\n","protected":false},"author":51,"featured_media":0,"comment_status":"open","ping_status":"open","sticky":false,"template":"","format":"standard","meta":{"_acf_changed":false,"content-type":"","footnotes":""},"categories":[204],"tags":[61,100,738,562],"acf":[],"yoast_head":"<!-- This site is optimized with the Yoast SEO plugin v23.4 - https:\/\/yoast.com\/wordpress\/plugins\/seo\/ -->\n<title>M\u00e9dias num\u00e9riques et t\u00e9l\u00e9 : faits pour s\u2019entendre - Association canadienne des annonceurs<\/title>\n<meta name=\"robots\" content=\"index, follow, max-snippet:-1, max-image-preview:large, max-video-preview:-1\" \/>\n<link rel=\"canonical\" href=\"https:\/\/acaweb.ca\/fr\/2018\/medias-numeriques-et-tele-faits-pour-sentendre\/\" \/>\n<meta property=\"og:locale\" content=\"fr_CA\" \/>\n<meta property=\"og:type\" content=\"article\" \/>\n<meta property=\"og:title\" content=\"M\u00e9dias num\u00e9riques et t\u00e9l\u00e9 : faits pour s\u2019entendre - Association canadienne des annonceurs\" \/>\n<meta property=\"og:description\" content=\"Veuillez noter qu\u2019\u00e0 l\u2019exception du premier, tous les liens fournis m\u00e8nent \u00e0 des sites en anglais. Le dernier Forum ex\u00e9cutif de l\u2019ACA a r\u00e9uni trois conf\u00e9renciers ayant des id\u00e9es fort int\u00e9ressantes sur l\u2019interd\u00e9pendance croissante des mondes de la publicit\u00e9 t\u00e9l\u00e9 et num\u00e9rique. Les marques font toutes face au m\u00eame dilemme\u00a0: comment utiliser l\u2019\u00e9valuation des m\u00e9dias [&hellip;]\" \/>\n<meta property=\"og:url\" content=\"https:\/\/acaweb.ca\/fr\/2018\/medias-numeriques-et-tele-faits-pour-sentendre\/\" \/>\n<meta property=\"og:site_name\" content=\"Association canadienne des annonceurs\" \/>\n<meta property=\"article:published_time\" content=\"2018-07-19T18:18:17+00:00\" \/>\n<meta property=\"og:image\" content=\"http:\/\/acaweb.ca\/en\/wp-content\/uploads\/sites\/2\/2018\/07\/6-packed-house-1-300x200.jpg\" \/>\n<meta name=\"author\" content=\"equipeaca\" \/>\n<meta name=\"twitter:card\" content=\"summary_large_image\" \/>\n<meta name=\"twitter:label1\" content=\"\u00c9crit par\" \/>\n\t<meta name=\"twitter:data1\" content=\"equipeaca\" \/>\n\t<meta name=\"twitter:label2\" content=\"Estimation du temps de lecture\" \/>\n\t<meta name=\"twitter:data2\" content=\"4 minutes\" \/>\n<script type=\"application\/ld+json\" class=\"yoast-schema-graph\">{\"@context\":\"https:\/\/schema.org\",\"@graph\":[{\"@type\":\"Article\",\"@id\":\"https:\/\/acaweb.ca\/fr\/2018\/medias-numeriques-et-tele-faits-pour-sentendre\/#article\",\"isPartOf\":{\"@id\":\"https:\/\/acaweb.ca\/fr\/2018\/medias-numeriques-et-tele-faits-pour-sentendre\/\"},\"author\":{\"name\":\"equipeaca\",\"@id\":\"https:\/\/acaweb.ca\/fr\/#\/schema\/person\/09cc5e0f1b8efa083dd7628577eff761\"},\"headline\":\"M\u00e9dias num\u00e9riques et t\u00e9l\u00e9 : faits pour s\u2019entendre\",\"datePublished\":\"2018-07-19T18:18:17+00:00\",\"dateModified\":\"2018-07-19T18:18:17+00:00\",\"mainEntityOfPage\":{\"@id\":\"https:\/\/acaweb.ca\/fr\/2018\/medias-numeriques-et-tele-faits-pour-sentendre\/\"},\"wordCount\":779,\"commentCount\":0,\"publisher\":{\"@id\":\"https:\/\/acaweb.ca\/fr\/#organization\"},\"image\":{\"@id\":\"https:\/\/acaweb.ca\/fr\/2018\/medias-numeriques-et-tele-faits-pour-sentendre\/#primaryimage\"},\"thumbnailUrl\":\"http:\/\/acaweb.ca\/en\/wp-content\/uploads\/sites\/2\/2018\/07\/6-packed-house-1-300x200.jpg\",\"keywords\":[\"forum ex\u00e9cutif\",\"marketing num\u00e9rique\",\"mesure de m\u00e9dias\",\"t\u00e9l\u00e9vision\"],\"articleSection\":[\"\u00c9valuation\"],\"inLanguage\":\"fr-CA\",\"potentialAction\":[{\"@type\":\"CommentAction\",\"name\":\"Comment\",\"target\":[\"https:\/\/acaweb.ca\/fr\/2018\/medias-numeriques-et-tele-faits-pour-sentendre\/#respond\"]}]},{\"@type\":\"WebPage\",\"@id\":\"https:\/\/acaweb.ca\/fr\/2018\/medias-numeriques-et-tele-faits-pour-sentendre\/\",\"url\":\"https:\/\/acaweb.ca\/fr\/2018\/medias-numeriques-et-tele-faits-pour-sentendre\/\",\"name\":\"M\u00e9dias num\u00e9riques et t\u00e9l\u00e9 : faits pour s\u2019entendre - Association canadienne des annonceurs\",\"isPartOf\":{\"@id\":\"https:\/\/acaweb.ca\/fr\/#website\"},\"primaryImageOfPage\":{\"@id\":\"https:\/\/acaweb.ca\/fr\/2018\/medias-numeriques-et-tele-faits-pour-sentendre\/#primaryimage\"},\"image\":{\"@id\":\"https:\/\/acaweb.ca\/fr\/2018\/medias-numeriques-et-tele-faits-pour-sentendre\/#primaryimage\"},\"thumbnailUrl\":\"http:\/\/acaweb.ca\/en\/wp-content\/uploads\/sites\/2\/2018\/07\/6-packed-house-1-300x200.jpg\",\"datePublished\":\"2018-07-19T18:18:17+00:00\",\"dateModified\":\"2018-07-19T18:18:17+00:00\",\"breadcrumb\":{\"@id\":\"https:\/\/acaweb.ca\/fr\/2018\/medias-numeriques-et-tele-faits-pour-sentendre\/#breadcrumb\"},\"inLanguage\":\"fr-CA\",\"potentialAction\":[{\"@type\":\"ReadAction\",\"target\":[\"https:\/\/acaweb.ca\/fr\/2018\/medias-numeriques-et-tele-faits-pour-sentendre\/\"]}]},{\"@type\":\"ImageObject\",\"inLanguage\":\"fr-CA\",\"@id\":\"https:\/\/acaweb.ca\/fr\/2018\/medias-numeriques-et-tele-faits-pour-sentendre\/#primaryimage\",\"url\":\"http:\/\/acaweb.ca\/en\/wp-content\/uploads\/sites\/2\/2018\/07\/6-packed-house-1-300x200.jpg\",\"contentUrl\":\"http:\/\/acaweb.ca\/en\/wp-content\/uploads\/sites\/2\/2018\/07\/6-packed-house-1-300x200.jpg\"},{\"@type\":\"BreadcrumbList\",\"@id\":\"https:\/\/acaweb.ca\/fr\/2018\/medias-numeriques-et-tele-faits-pour-sentendre\/#breadcrumb\",\"itemListElement\":[{\"@type\":\"ListItem\",\"position\":1,\"name\":\"Accueil\",\"item\":\"https:\/\/acaweb.ca\/fr\/\"},{\"@type\":\"ListItem\",\"position\":2,\"name\":\"M\u00e9dias num\u00e9riques et t\u00e9l\u00e9 : faits pour s\u2019entendre\"}]},{\"@type\":\"WebSite\",\"@id\":\"https:\/\/acaweb.ca\/fr\/#website\",\"url\":\"https:\/\/acaweb.ca\/fr\/\",\"name\":\"Association canadienne des annonceurs\",\"description\":\"\",\"publisher\":{\"@id\":\"https:\/\/acaweb.ca\/fr\/#organization\"},\"potentialAction\":[{\"@type\":\"SearchAction\",\"target\":{\"@type\":\"EntryPoint\",\"urlTemplate\":\"https:\/\/acaweb.ca\/fr\/?s={search_term_string}\"},\"query-input\":{\"@type\":\"PropertyValueSpecification\",\"valueRequired\":true,\"valueName\":\"search_term_string\"}}],\"inLanguage\":\"fr-CA\"},{\"@type\":\"Organization\",\"@id\":\"https:\/\/acaweb.ca\/fr\/#organization\",\"name\":\"Association canadienne des annonceurs\",\"url\":\"https:\/\/acaweb.ca\/fr\/\",\"logo\":{\"@type\":\"ImageObject\",\"inLanguage\":\"fr-CA\",\"@id\":\"https:\/\/acaweb.ca\/fr\/#\/schema\/logo\/image\/\",\"url\":\"https:\/\/acaweb.ca\/fr\/wp-content\/uploads\/sites\/3\/2017\/10\/cropped-ACA-FR-logo-colour.png\",\"contentUrl\":\"https:\/\/acaweb.ca\/fr\/wp-content\/uploads\/sites\/3\/2017\/10\/cropped-ACA-FR-logo-colour.png\",\"width\":1595,\"height\":417,\"caption\":\"Association canadienne des annonceurs\"},\"image\":{\"@id\":\"https:\/\/acaweb.ca\/fr\/#\/schema\/logo\/image\/\"}},{\"@type\":\"Person\",\"@id\":\"https:\/\/acaweb.ca\/fr\/#\/schema\/person\/09cc5e0f1b8efa083dd7628577eff761\",\"name\":\"equipeaca\",\"image\":{\"@type\":\"ImageObject\",\"inLanguage\":\"fr-CA\",\"@id\":\"https:\/\/acaweb.ca\/fr\/#\/schema\/person\/image\/\",\"url\":\"https:\/\/secure.gravatar.com\/avatar\/a08563ce11b7e5ccf61f845beae8d016?s=96&d=mm&r=g\",\"contentUrl\":\"https:\/\/secure.gravatar.com\/avatar\/a08563ce11b7e5ccf61f845beae8d016?s=96&d=mm&r=g\",\"caption\":\"equipeaca\"},\"url\":\"https:\/\/acaweb.ca\/fr\/author\/equipeaca\/\"}]}<\/script>\n<!-- \/ Yoast SEO plugin. -->","yoast_head_json":{"title":"M\u00e9dias num\u00e9riques et t\u00e9l\u00e9 : faits pour s\u2019entendre - Association canadienne des annonceurs","robots":{"index":"index","follow":"follow","max-snippet":"max-snippet:-1","max-image-preview":"max-image-preview:large","max-video-preview":"max-video-preview:-1"},"canonical":"https:\/\/acaweb.ca\/fr\/2018\/medias-numeriques-et-tele-faits-pour-sentendre\/","og_locale":"fr_CA","og_type":"article","og_title":"M\u00e9dias num\u00e9riques et t\u00e9l\u00e9 : faits pour s\u2019entendre - Association canadienne des annonceurs","og_description":"Veuillez noter qu\u2019\u00e0 l\u2019exception du premier, tous les liens fournis m\u00e8nent \u00e0 des sites en anglais. Le dernier Forum ex\u00e9cutif de l\u2019ACA a r\u00e9uni trois conf\u00e9renciers ayant des id\u00e9es fort int\u00e9ressantes sur l\u2019interd\u00e9pendance croissante des mondes de la publicit\u00e9 t\u00e9l\u00e9 et num\u00e9rique. Les marques font toutes face au m\u00eame dilemme\u00a0: comment utiliser l\u2019\u00e9valuation des m\u00e9dias [&hellip;]","og_url":"https:\/\/acaweb.ca\/fr\/2018\/medias-numeriques-et-tele-faits-pour-sentendre\/","og_site_name":"Association canadienne des annonceurs","article_published_time":"2018-07-19T18:18:17+00:00","og_image":[{"url":"http:\/\/acaweb.ca\/en\/wp-content\/uploads\/sites\/2\/2018\/07\/6-packed-house-1-300x200.jpg"}],"author":"equipeaca","twitter_card":"summary_large_image","twitter_misc":{"\u00c9crit par":"equipeaca","Estimation du temps de lecture":"4 minutes"},"schema":{"@context":"https:\/\/schema.org","@graph":[{"@type":"Article","@id":"https:\/\/acaweb.ca\/fr\/2018\/medias-numeriques-et-tele-faits-pour-sentendre\/#article","isPartOf":{"@id":"https:\/\/acaweb.ca\/fr\/2018\/medias-numeriques-et-tele-faits-pour-sentendre\/"},"author":{"name":"equipeaca","@id":"https:\/\/acaweb.ca\/fr\/#\/schema\/person\/09cc5e0f1b8efa083dd7628577eff761"},"headline":"M\u00e9dias num\u00e9riques et t\u00e9l\u00e9 : faits pour s\u2019entendre","datePublished":"2018-07-19T18:18:17+00:00","dateModified":"2018-07-19T18:18:17+00:00","mainEntityOfPage":{"@id":"https:\/\/acaweb.ca\/fr\/2018\/medias-numeriques-et-tele-faits-pour-sentendre\/"},"wordCount":779,"commentCount":0,"publisher":{"@id":"https:\/\/acaweb.ca\/fr\/#organization"},"image":{"@id":"https:\/\/acaweb.ca\/fr\/2018\/medias-numeriques-et-tele-faits-pour-sentendre\/#primaryimage"},"thumbnailUrl":"http:\/\/acaweb.ca\/en\/wp-content\/uploads\/sites\/2\/2018\/07\/6-packed-house-1-300x200.jpg","keywords":["forum ex\u00e9cutif","marketing num\u00e9rique","mesure de m\u00e9dias","t\u00e9l\u00e9vision"],"articleSection":["\u00c9valuation"],"inLanguage":"fr-CA","potentialAction":[{"@type":"CommentAction","name":"Comment","target":["https:\/\/acaweb.ca\/fr\/2018\/medias-numeriques-et-tele-faits-pour-sentendre\/#respond"]}]},{"@type":"WebPage","@id":"https:\/\/acaweb.ca\/fr\/2018\/medias-numeriques-et-tele-faits-pour-sentendre\/","url":"https:\/\/acaweb.ca\/fr\/2018\/medias-numeriques-et-tele-faits-pour-sentendre\/","name":"M\u00e9dias num\u00e9riques et t\u00e9l\u00e9 : faits pour s\u2019entendre - Association canadienne des annonceurs","isPartOf":{"@id":"https:\/\/acaweb.ca\/fr\/#website"},"primaryImageOfPage":{"@id":"https:\/\/acaweb.ca\/fr\/2018\/medias-numeriques-et-tele-faits-pour-sentendre\/#primaryimage"},"image":{"@id":"https:\/\/acaweb.ca\/fr\/2018\/medias-numeriques-et-tele-faits-pour-sentendre\/#primaryimage"},"thumbnailUrl":"http:\/\/acaweb.ca\/en\/wp-content\/uploads\/sites\/2\/2018\/07\/6-packed-house-1-300x200.jpg","datePublished":"2018-07-19T18:18:17+00:00","dateModified":"2018-07-19T18:18:17+00:00","breadcrumb":{"@id":"https:\/\/acaweb.ca\/fr\/2018\/medias-numeriques-et-tele-faits-pour-sentendre\/#breadcrumb"},"inLanguage":"fr-CA","potentialAction":[{"@type":"ReadAction","target":["https:\/\/acaweb.ca\/fr\/2018\/medias-numeriques-et-tele-faits-pour-sentendre\/"]}]},{"@type":"ImageObject","inLanguage":"fr-CA","@id":"https:\/\/acaweb.ca\/fr\/2018\/medias-numeriques-et-tele-faits-pour-sentendre\/#primaryimage","url":"http:\/\/acaweb.ca\/en\/wp-content\/uploads\/sites\/2\/2018\/07\/6-packed-house-1-300x200.jpg","contentUrl":"http:\/\/acaweb.ca\/en\/wp-content\/uploads\/sites\/2\/2018\/07\/6-packed-house-1-300x200.jpg"},{"@type":"BreadcrumbList","@id":"https:\/\/acaweb.ca\/fr\/2018\/medias-numeriques-et-tele-faits-pour-sentendre\/#breadcrumb","itemListElement":[{"@type":"ListItem","position":1,"name":"Accueil","item":"https:\/\/acaweb.ca\/fr\/"},{"@type":"ListItem","position":2,"name":"M\u00e9dias num\u00e9riques et t\u00e9l\u00e9 : faits pour s\u2019entendre"}]},{"@type":"WebSite","@id":"https:\/\/acaweb.ca\/fr\/#website","url":"https:\/\/acaweb.ca\/fr\/","name":"Association canadienne des annonceurs","description":"","publisher":{"@id":"https:\/\/acaweb.ca\/fr\/#organization"},"potentialAction":[{"@type":"SearchAction","target":{"@type":"EntryPoint","urlTemplate":"https:\/\/acaweb.ca\/fr\/?s={search_term_string}"},"query-input":{"@type":"PropertyValueSpecification","valueRequired":true,"valueName":"search_term_string"}}],"inLanguage":"fr-CA"},{"@type":"Organization","@id":"https:\/\/acaweb.ca\/fr\/#organization","name":"Association canadienne des annonceurs","url":"https:\/\/acaweb.ca\/fr\/","logo":{"@type":"ImageObject","inLanguage":"fr-CA","@id":"https:\/\/acaweb.ca\/fr\/#\/schema\/logo\/image\/","url":"https:\/\/acaweb.ca\/fr\/wp-content\/uploads\/sites\/3\/2017\/10\/cropped-ACA-FR-logo-colour.png","contentUrl":"https:\/\/acaweb.ca\/fr\/wp-content\/uploads\/sites\/3\/2017\/10\/cropped-ACA-FR-logo-colour.png","width":1595,"height":417,"caption":"Association canadienne des annonceurs"},"image":{"@id":"https:\/\/acaweb.ca\/fr\/#\/schema\/logo\/image\/"}},{"@type":"Person","@id":"https:\/\/acaweb.ca\/fr\/#\/schema\/person\/09cc5e0f1b8efa083dd7628577eff761","name":"equipeaca","image":{"@type":"ImageObject","inLanguage":"fr-CA","@id":"https:\/\/acaweb.ca\/fr\/#\/schema\/person\/image\/","url":"https:\/\/secure.gravatar.com\/avatar\/a08563ce11b7e5ccf61f845beae8d016?s=96&d=mm&r=g","contentUrl":"https:\/\/secure.gravatar.com\/avatar\/a08563ce11b7e5ccf61f845beae8d016?s=96&d=mm&r=g","caption":"equipeaca"},"url":"https:\/\/acaweb.ca\/fr\/author\/equipeaca\/"}]}},"_links":{"self":[{"href":"https:\/\/acaweb.ca\/fr\/wp-json\/wp\/v2\/posts\/3333"}],"collection":[{"href":"https:\/\/acaweb.ca\/fr\/wp-json\/wp\/v2\/posts"}],"about":[{"href":"https:\/\/acaweb.ca\/fr\/wp-json\/wp\/v2\/types\/post"}],"author":[{"embeddable":true,"href":"https:\/\/acaweb.ca\/fr\/wp-json\/wp\/v2\/users\/51"}],"replies":[{"embeddable":true,"href":"https:\/\/acaweb.ca\/fr\/wp-json\/wp\/v2\/comments?post=3333"}],"version-history":[{"count":3,"href":"https:\/\/acaweb.ca\/fr\/wp-json\/wp\/v2\/posts\/3333\/revisions"}],"predecessor-version":[{"id":3344,"href":"https:\/\/acaweb.ca\/fr\/wp-json\/wp\/v2\/posts\/3333\/revisions\/3344"}],"wp:attachment":[{"href":"https:\/\/acaweb.ca\/fr\/wp-json\/wp\/v2\/media?parent=3333"}],"wp:term":[{"taxonomy":"category","embeddable":true,"href":"https:\/\/acaweb.ca\/fr\/wp-json\/wp\/v2\/categories?post=3333"},{"taxonomy":"post_tag","embeddable":true,"href":"https:\/\/acaweb.ca\/fr\/wp-json\/wp\/v2\/tags?post=3333"}],"curies":[{"name":"wp","href":"https:\/\/api.w.org\/{rel}","templated":true}]}}