{"id":3268,"date":"2018-05-29T11:59:17","date_gmt":"2018-05-29T15:59:17","guid":{"rendered":"http:\/\/acaweb.ca\/fr\/?p=3268"},"modified":"2018-08-16T10:36:07","modified_gmt":"2018-08-16T14:36:07","slug":"ce-que-les-annonceurs-doivent-savoir-des-assistants-vocaux","status":"publish","type":"post","link":"https:\/\/acaweb.ca\/fr\/2018\/ce-que-les-annonceurs-doivent-savoir-des-assistants-vocaux\/","title":{"rendered":"Ce que les annonceurs doivent savoir des assistants vocaux"},"content":{"rendered":"<p><img loading=\"lazy\" decoding=\"async\" src=\"http:\/\/acaweb.ca\/fr\/wp-content\/uploads\/sites\/3\/2018\/05\/amazon-alexa-design-speakers-CROPPED-300x200.jpg\" alt=\"\" width=\"300\" height=\"200\" class=\"alignleft size-medium wp-image-3270\" srcset=\"https:\/\/acaweb.ca\/fr\/wp-content\/uploads\/sites\/3\/2018\/05\/amazon-alexa-design-speakers-CROPPED-300x200.jpg 300w, https:\/\/acaweb.ca\/fr\/wp-content\/uploads\/sites\/3\/2018\/05\/amazon-alexa-design-speakers-CROPPED-263x175.jpg 263w, https:\/\/acaweb.ca\/fr\/wp-content\/uploads\/sites\/3\/2018\/05\/amazon-alexa-design-speakers-CROPPED.jpg 600w\" sizes=\"(max-width: 300px) 100vw, 300px\" \/><\/p>\n<p>Voil\u00e0 qui pourrait bien \u00eatre une occasion \u00e0 saisir pour les annonceurs canadiens.<\/p>\n<p>Les assistants vocaux sont en train de changer le comportement du consommateur et de cr\u00e9er de nouvelles habitudes. Si ces produits sont encore relativement rares au Canada, si on se fie \u00e0 la tendance aux \u00c9tats-Unis, on pourrait bien assister \u00e0 une vague d\u2019achats d\u2019ici peu, selon Tom Webster, vice-pr\u00e9sident principal chez Edison Research. <\/p>\n<p>Lors de son allocution prononc\u00e9e plus t\u00f4t cette ann\u00e9e \u00e0 l\u2019occasion de la <a href=\"http:\/\/adtech.strategyonline.ca\/2018\/\" rel=\"noopener\" target=\"_blank\">AdTech Canada Conference<\/a> organis\u00e9e par le magazine <em>Strategy<\/em>, il a pr\u00e9sent\u00e9 les conclusions du sondage t\u00e9l\u00e9phonique intitul\u00e9 <em>The Smart Audio Report<\/em>, que la firme Edison a effectu\u00e9 en partenariat avec NPR aupr\u00e8s de 1010 Am\u00e9ricains de 18 ans et plus.<\/p>\n<p>En voici les faits saillants, pour les annonceurs qui envisagent \u00ab de ruiner les assistants vocaux avec des annonces \u00bb a-t-il blagu\u00e9 :<\/p>\n<ul>\n<li style=\"margin-bottom: 6px;\">La p\u00e9n\u00e9tration de ce type d\u2019appareil atteint environ 8 % au Canada. Ceci est comparable aux donn\u00e9es enregistr\u00e9es aux \u00c9tats-Unis l\u2019an dernier (7 %). La p\u00e9n\u00e9tration y est aujourd\u2019hui de 18 %. <\/li>\n<li style=\"margin-bottom: 6px;\">Les assistants vocaux s\u2019incrustent dans le quotidien des utilisateurs. \u00c0 l\u2019extr\u00eame, M. Webster a montr\u00e9 une vid\u00e9o d\u2019une femme dont les enfants avaient quitt\u00e9 le nid et qui consid\u00e9rait son Amazon Echo comme un compagnon. En fait, le sondage montre que les consommateurs utilisent leur appareil pour 8 t\u00e2ches diff\u00e9rentes en moyenne (par exemple, consulter la m\u00e9t\u00e9o, \u00e9couter de la musique, contr\u00f4ler d\u2019autres appareils connect\u00e9s, etc.) et de fa\u00e7on presque quotidienne. <\/li>\n<li style=\"margin-bottom: 6px;\">39 % des r\u00e9pondants disent moins utiliser la radio, 34 % affirment consacrer moins de temps \u00e0 leur t\u00e9l\u00e9phone intelligent et 30 % indiquent qu\u2019ils regardent moins la t\u00e9l\u00e9.\n<li style=\"margin-bottom: 6px;\">51 % des r\u00e9pondants utilisent leur appareil plus qu\u2019au moment de leur achat, alors que 33 % affirment l\u2019utiliser \u00e0 peu pr\u00e8s autant.<\/li>\n<\/ul>\n<p>\u00ab Ces appareils sont maintenant int\u00e9gr\u00e9s au quotidien de plusieurs petites fa\u00e7ons qui les rendent vraiment importants, a expliqu\u00e9 M. Webster. C\u2019est ainsi qu\u2019ils cr\u00e9ent de nouveaux comportements et de nouvelles habitudes. \u00bb<\/p>\n<h3>L&rsquo;OCCASION POUR LES MARQUES<\/h3>\n<ul>\n<li style=\"margin-bottom: 6px;\">31 % des participants utilisent leur assistant vocal pour ajouter un article \u00e0 leur panier pour consultation avant achat.<\/li>\n<li style=\"margin-bottom: 6px;\">29 % l\u2019ont utilis\u00e9 pour effectuer une recherche \u00e0 propos d\u2019un article qu\u2019ils pourraient vouloir se procurer.<\/li>\n<li style=\"margin-bottom: 6px;\">22 % l\u2019ont utilis\u00e9 pour renouveler une commande qu\u2019ils avaient d\u00e9j\u00e0 pass\u00e9e.<\/li>\n<li style=\"margin-bottom: 6px;\">22 % l\u2019ont utilis\u00e9 pour acheter un nouvel article.<\/li>\n<li style=\"margin-bottom: 6px;\">43 % des r\u00e9pondants ont affirm\u00e9 qu\u2019ils <strong>aimeraient interagir avec les marques et entreprises<\/strong> qu\u2019ils suivent d\u00e9j\u00e0 dans les r\u00e9seaux sociaux.<\/li>\n<\/ul>\n","protected":false},"excerpt":{"rendered":"<p>Voil\u00e0 qui pourrait bien \u00eatre une occasion \u00e0 saisir pour les annonceurs canadiens. Les assistants vocaux sont en train de changer le comportement du consommateur et de cr\u00e9er de nouvelles habitudes. Si ces produits sont encore relativement rares au Canada, si on se fie \u00e0 la tendance aux \u00c9tats-Unis, on pourrait bien assister \u00e0 une [&hellip;]<\/p>\n","protected":false},"author":51,"featured_media":0,"comment_status":"open","ping_status":"open","sticky":false,"template":"","format":"standard","meta":{"_acf_changed":false,"content-type":"","footnotes":""},"categories":[605,637],"tags":[732,728,729,391,730,731],"acf":[],"yoast_head":"<!-- This site is optimized with the Yoast SEO plugin v23.4 - https:\/\/yoast.com\/wordpress\/plugins\/seo\/ -->\n<title>Ce que les annonceurs doivent savoir des assistants vocaux - Association canadienne des annonceurs<\/title>\n<meta name=\"robots\" content=\"index, follow, max-snippet:-1, max-image-preview:large, max-video-preview:-1\" \/>\n<link rel=\"canonical\" href=\"https:\/\/acaweb.ca\/fr\/2018\/ce-que-les-annonceurs-doivent-savoir-des-assistants-vocaux\/\" \/>\n<meta property=\"og:locale\" content=\"fr_CA\" \/>\n<meta property=\"og:type\" content=\"article\" \/>\n<meta property=\"og:title\" content=\"Ce que les annonceurs doivent savoir des assistants vocaux - Association canadienne des annonceurs\" \/>\n<meta property=\"og:description\" content=\"Voil\u00e0 qui pourrait bien \u00eatre une occasion \u00e0 saisir pour les annonceurs canadiens. Les assistants vocaux sont en train de changer le comportement du consommateur et de cr\u00e9er de nouvelles habitudes. Si ces produits sont encore relativement rares au Canada, si on se fie \u00e0 la tendance aux \u00c9tats-Unis, on pourrait bien assister \u00e0 une [&hellip;]\" \/>\n<meta property=\"og:url\" content=\"https:\/\/acaweb.ca\/fr\/2018\/ce-que-les-annonceurs-doivent-savoir-des-assistants-vocaux\/\" \/>\n<meta property=\"og:site_name\" content=\"Association canadienne des annonceurs\" \/>\n<meta property=\"article:published_time\" content=\"2018-05-29T15:59:17+00:00\" \/>\n<meta property=\"article:modified_time\" content=\"2018-08-16T14:36:07+00:00\" \/>\n<meta property=\"og:image\" content=\"http:\/\/acaweb.ca\/fr\/wp-content\/uploads\/sites\/3\/2018\/05\/amazon-alexa-design-speakers-CROPPED-300x200.jpg\" \/>\n<meta name=\"author\" content=\"equipeaca\" \/>\n<meta name=\"twitter:card\" content=\"summary_large_image\" \/>\n<meta name=\"twitter:label1\" content=\"\u00c9crit par\" \/>\n\t<meta name=\"twitter:data1\" content=\"equipeaca\" \/>\n\t<meta name=\"twitter:label2\" content=\"Estimation du temps de lecture\" \/>\n\t<meta name=\"twitter:data2\" content=\"2 minutes\" \/>\n<script type=\"application\/ld+json\" class=\"yoast-schema-graph\">{\"@context\":\"https:\/\/schema.org\",\"@graph\":[{\"@type\":\"Article\",\"@id\":\"https:\/\/acaweb.ca\/fr\/2018\/ce-que-les-annonceurs-doivent-savoir-des-assistants-vocaux\/#article\",\"isPartOf\":{\"@id\":\"https:\/\/acaweb.ca\/fr\/2018\/ce-que-les-annonceurs-doivent-savoir-des-assistants-vocaux\/\"},\"author\":{\"name\":\"equipeaca\",\"@id\":\"https:\/\/acaweb.ca\/fr\/#\/schema\/person\/09cc5e0f1b8efa083dd7628577eff761\"},\"headline\":\"Ce que les annonceurs doivent savoir des assistants vocaux\",\"datePublished\":\"2018-05-29T15:59:17+00:00\",\"dateModified\":\"2018-08-16T14:36:07+00:00\",\"mainEntityOfPage\":{\"@id\":\"https:\/\/acaweb.ca\/fr\/2018\/ce-que-les-annonceurs-doivent-savoir-des-assistants-vocaux\/\"},\"wordCount\":444,\"commentCount\":0,\"publisher\":{\"@id\":\"https:\/\/acaweb.ca\/fr\/#organization\"},\"image\":{\"@id\":\"https:\/\/acaweb.ca\/fr\/2018\/ce-que-les-annonceurs-doivent-savoir-des-assistants-vocaux\/#primaryimage\"},\"thumbnailUrl\":\"http:\/\/acaweb.ca\/fr\/wp-content\/uploads\/sites\/3\/2018\/05\/amazon-alexa-design-speakers-CROPPED-300x200.jpg\",\"keywords\":[\"Conf\u00e9rence Adtech\",\"Edison Research\",\"NPR\",\"Strategy\",\"The Smart Audio Report\",\"Tom Webster\"],\"articleSection\":[\"Recherche\",\"Technologie marketing\"],\"inLanguage\":\"fr-CA\",\"potentialAction\":[{\"@type\":\"CommentAction\",\"name\":\"Comment\",\"target\":[\"https:\/\/acaweb.ca\/fr\/2018\/ce-que-les-annonceurs-doivent-savoir-des-assistants-vocaux\/#respond\"]}]},{\"@type\":\"WebPage\",\"@id\":\"https:\/\/acaweb.ca\/fr\/2018\/ce-que-les-annonceurs-doivent-savoir-des-assistants-vocaux\/\",\"url\":\"https:\/\/acaweb.ca\/fr\/2018\/ce-que-les-annonceurs-doivent-savoir-des-assistants-vocaux\/\",\"name\":\"Ce que les annonceurs doivent savoir des assistants vocaux - Association canadienne des annonceurs\",\"isPartOf\":{\"@id\":\"https:\/\/acaweb.ca\/fr\/#website\"},\"primaryImageOfPage\":{\"@id\":\"https:\/\/acaweb.ca\/fr\/2018\/ce-que-les-annonceurs-doivent-savoir-des-assistants-vocaux\/#primaryimage\"},\"image\":{\"@id\":\"https:\/\/acaweb.ca\/fr\/2018\/ce-que-les-annonceurs-doivent-savoir-des-assistants-vocaux\/#primaryimage\"},\"thumbnailUrl\":\"http:\/\/acaweb.ca\/fr\/wp-content\/uploads\/sites\/3\/2018\/05\/amazon-alexa-design-speakers-CROPPED-300x200.jpg\",\"datePublished\":\"2018-05-29T15:59:17+00:00\",\"dateModified\":\"2018-08-16T14:36:07+00:00\",\"breadcrumb\":{\"@id\":\"https:\/\/acaweb.ca\/fr\/2018\/ce-que-les-annonceurs-doivent-savoir-des-assistants-vocaux\/#breadcrumb\"},\"inLanguage\":\"fr-CA\",\"potentialAction\":[{\"@type\":\"ReadAction\",\"target\":[\"https:\/\/acaweb.ca\/fr\/2018\/ce-que-les-annonceurs-doivent-savoir-des-assistants-vocaux\/\"]}]},{\"@type\":\"ImageObject\",\"inLanguage\":\"fr-CA\",\"@id\":\"https:\/\/acaweb.ca\/fr\/2018\/ce-que-les-annonceurs-doivent-savoir-des-assistants-vocaux\/#primaryimage\",\"url\":\"http:\/\/acaweb.ca\/fr\/wp-content\/uploads\/sites\/3\/2018\/05\/amazon-alexa-design-speakers-CROPPED-300x200.jpg\",\"contentUrl\":\"http:\/\/acaweb.ca\/fr\/wp-content\/uploads\/sites\/3\/2018\/05\/amazon-alexa-design-speakers-CROPPED-300x200.jpg\"},{\"@type\":\"BreadcrumbList\",\"@id\":\"https:\/\/acaweb.ca\/fr\/2018\/ce-que-les-annonceurs-doivent-savoir-des-assistants-vocaux\/#breadcrumb\",\"itemListElement\":[{\"@type\":\"ListItem\",\"position\":1,\"name\":\"Accueil\",\"item\":\"https:\/\/acaweb.ca\/fr\/\"},{\"@type\":\"ListItem\",\"position\":2,\"name\":\"Ce que les annonceurs doivent savoir des assistants vocaux\"}]},{\"@type\":\"WebSite\",\"@id\":\"https:\/\/acaweb.ca\/fr\/#website\",\"url\":\"https:\/\/acaweb.ca\/fr\/\",\"name\":\"Association canadienne des annonceurs\",\"description\":\"\",\"publisher\":{\"@id\":\"https:\/\/acaweb.ca\/fr\/#organization\"},\"potentialAction\":[{\"@type\":\"SearchAction\",\"target\":{\"@type\":\"EntryPoint\",\"urlTemplate\":\"https:\/\/acaweb.ca\/fr\/?s={search_term_string}\"},\"query-input\":{\"@type\":\"PropertyValueSpecification\",\"valueRequired\":true,\"valueName\":\"search_term_string\"}}],\"inLanguage\":\"fr-CA\"},{\"@type\":\"Organization\",\"@id\":\"https:\/\/acaweb.ca\/fr\/#organization\",\"name\":\"Association canadienne des annonceurs\",\"url\":\"https:\/\/acaweb.ca\/fr\/\",\"logo\":{\"@type\":\"ImageObject\",\"inLanguage\":\"fr-CA\",\"@id\":\"https:\/\/acaweb.ca\/fr\/#\/schema\/logo\/image\/\",\"url\":\"https:\/\/acaweb.ca\/fr\/wp-content\/uploads\/sites\/3\/2017\/10\/cropped-ACA-FR-logo-colour.png\",\"contentUrl\":\"https:\/\/acaweb.ca\/fr\/wp-content\/uploads\/sites\/3\/2017\/10\/cropped-ACA-FR-logo-colour.png\",\"width\":1595,\"height\":417,\"caption\":\"Association canadienne des annonceurs\"},\"image\":{\"@id\":\"https:\/\/acaweb.ca\/fr\/#\/schema\/logo\/image\/\"}},{\"@type\":\"Person\",\"@id\":\"https:\/\/acaweb.ca\/fr\/#\/schema\/person\/09cc5e0f1b8efa083dd7628577eff761\",\"name\":\"equipeaca\",\"image\":{\"@type\":\"ImageObject\",\"inLanguage\":\"fr-CA\",\"@id\":\"https:\/\/acaweb.ca\/fr\/#\/schema\/person\/image\/\",\"url\":\"https:\/\/secure.gravatar.com\/avatar\/a08563ce11b7e5ccf61f845beae8d016?s=96&d=mm&r=g\",\"contentUrl\":\"https:\/\/secure.gravatar.com\/avatar\/a08563ce11b7e5ccf61f845beae8d016?s=96&d=mm&r=g\",\"caption\":\"equipeaca\"},\"url\":\"https:\/\/acaweb.ca\/fr\/author\/equipeaca\/\"}]}<\/script>\n<!-- \/ Yoast SEO plugin. -->","yoast_head_json":{"title":"Ce que les annonceurs doivent savoir des assistants vocaux - Association canadienne des annonceurs","robots":{"index":"index","follow":"follow","max-snippet":"max-snippet:-1","max-image-preview":"max-image-preview:large","max-video-preview":"max-video-preview:-1"},"canonical":"https:\/\/acaweb.ca\/fr\/2018\/ce-que-les-annonceurs-doivent-savoir-des-assistants-vocaux\/","og_locale":"fr_CA","og_type":"article","og_title":"Ce que les annonceurs doivent savoir des assistants vocaux - Association canadienne des annonceurs","og_description":"Voil\u00e0 qui pourrait bien \u00eatre une occasion \u00e0 saisir pour les annonceurs canadiens. Les assistants vocaux sont en train de changer le comportement du consommateur et de cr\u00e9er de nouvelles habitudes. Si ces produits sont encore relativement rares au Canada, si on se fie \u00e0 la tendance aux \u00c9tats-Unis, on pourrait bien assister \u00e0 une [&hellip;]","og_url":"https:\/\/acaweb.ca\/fr\/2018\/ce-que-les-annonceurs-doivent-savoir-des-assistants-vocaux\/","og_site_name":"Association canadienne des annonceurs","article_published_time":"2018-05-29T15:59:17+00:00","article_modified_time":"2018-08-16T14:36:07+00:00","og_image":[{"url":"http:\/\/acaweb.ca\/fr\/wp-content\/uploads\/sites\/3\/2018\/05\/amazon-alexa-design-speakers-CROPPED-300x200.jpg"}],"author":"equipeaca","twitter_card":"summary_large_image","twitter_misc":{"\u00c9crit par":"equipeaca","Estimation du temps de lecture":"2 minutes"},"schema":{"@context":"https:\/\/schema.org","@graph":[{"@type":"Article","@id":"https:\/\/acaweb.ca\/fr\/2018\/ce-que-les-annonceurs-doivent-savoir-des-assistants-vocaux\/#article","isPartOf":{"@id":"https:\/\/acaweb.ca\/fr\/2018\/ce-que-les-annonceurs-doivent-savoir-des-assistants-vocaux\/"},"author":{"name":"equipeaca","@id":"https:\/\/acaweb.ca\/fr\/#\/schema\/person\/09cc5e0f1b8efa083dd7628577eff761"},"headline":"Ce que les annonceurs doivent savoir des assistants vocaux","datePublished":"2018-05-29T15:59:17+00:00","dateModified":"2018-08-16T14:36:07+00:00","mainEntityOfPage":{"@id":"https:\/\/acaweb.ca\/fr\/2018\/ce-que-les-annonceurs-doivent-savoir-des-assistants-vocaux\/"},"wordCount":444,"commentCount":0,"publisher":{"@id":"https:\/\/acaweb.ca\/fr\/#organization"},"image":{"@id":"https:\/\/acaweb.ca\/fr\/2018\/ce-que-les-annonceurs-doivent-savoir-des-assistants-vocaux\/#primaryimage"},"thumbnailUrl":"http:\/\/acaweb.ca\/fr\/wp-content\/uploads\/sites\/3\/2018\/05\/amazon-alexa-design-speakers-CROPPED-300x200.jpg","keywords":["Conf\u00e9rence Adtech","Edison Research","NPR","Strategy","The Smart Audio Report","Tom Webster"],"articleSection":["Recherche","Technologie marketing"],"inLanguage":"fr-CA","potentialAction":[{"@type":"CommentAction","name":"Comment","target":["https:\/\/acaweb.ca\/fr\/2018\/ce-que-les-annonceurs-doivent-savoir-des-assistants-vocaux\/#respond"]}]},{"@type":"WebPage","@id":"https:\/\/acaweb.ca\/fr\/2018\/ce-que-les-annonceurs-doivent-savoir-des-assistants-vocaux\/","url":"https:\/\/acaweb.ca\/fr\/2018\/ce-que-les-annonceurs-doivent-savoir-des-assistants-vocaux\/","name":"Ce que les annonceurs doivent savoir des assistants vocaux - Association canadienne des annonceurs","isPartOf":{"@id":"https:\/\/acaweb.ca\/fr\/#website"},"primaryImageOfPage":{"@id":"https:\/\/acaweb.ca\/fr\/2018\/ce-que-les-annonceurs-doivent-savoir-des-assistants-vocaux\/#primaryimage"},"image":{"@id":"https:\/\/acaweb.ca\/fr\/2018\/ce-que-les-annonceurs-doivent-savoir-des-assistants-vocaux\/#primaryimage"},"thumbnailUrl":"http:\/\/acaweb.ca\/fr\/wp-content\/uploads\/sites\/3\/2018\/05\/amazon-alexa-design-speakers-CROPPED-300x200.jpg","datePublished":"2018-05-29T15:59:17+00:00","dateModified":"2018-08-16T14:36:07+00:00","breadcrumb":{"@id":"https:\/\/acaweb.ca\/fr\/2018\/ce-que-les-annonceurs-doivent-savoir-des-assistants-vocaux\/#breadcrumb"},"inLanguage":"fr-CA","potentialAction":[{"@type":"ReadAction","target":["https:\/\/acaweb.ca\/fr\/2018\/ce-que-les-annonceurs-doivent-savoir-des-assistants-vocaux\/"]}]},{"@type":"ImageObject","inLanguage":"fr-CA","@id":"https:\/\/acaweb.ca\/fr\/2018\/ce-que-les-annonceurs-doivent-savoir-des-assistants-vocaux\/#primaryimage","url":"http:\/\/acaweb.ca\/fr\/wp-content\/uploads\/sites\/3\/2018\/05\/amazon-alexa-design-speakers-CROPPED-300x200.jpg","contentUrl":"http:\/\/acaweb.ca\/fr\/wp-content\/uploads\/sites\/3\/2018\/05\/amazon-alexa-design-speakers-CROPPED-300x200.jpg"},{"@type":"BreadcrumbList","@id":"https:\/\/acaweb.ca\/fr\/2018\/ce-que-les-annonceurs-doivent-savoir-des-assistants-vocaux\/#breadcrumb","itemListElement":[{"@type":"ListItem","position":1,"name":"Accueil","item":"https:\/\/acaweb.ca\/fr\/"},{"@type":"ListItem","position":2,"name":"Ce que les annonceurs doivent savoir des assistants vocaux"}]},{"@type":"WebSite","@id":"https:\/\/acaweb.ca\/fr\/#website","url":"https:\/\/acaweb.ca\/fr\/","name":"Association canadienne des annonceurs","description":"","publisher":{"@id":"https:\/\/acaweb.ca\/fr\/#organization"},"potentialAction":[{"@type":"SearchAction","target":{"@type":"EntryPoint","urlTemplate":"https:\/\/acaweb.ca\/fr\/?s={search_term_string}"},"query-input":{"@type":"PropertyValueSpecification","valueRequired":true,"valueName":"search_term_string"}}],"inLanguage":"fr-CA"},{"@type":"Organization","@id":"https:\/\/acaweb.ca\/fr\/#organization","name":"Association canadienne des annonceurs","url":"https:\/\/acaweb.ca\/fr\/","logo":{"@type":"ImageObject","inLanguage":"fr-CA","@id":"https:\/\/acaweb.ca\/fr\/#\/schema\/logo\/image\/","url":"https:\/\/acaweb.ca\/fr\/wp-content\/uploads\/sites\/3\/2017\/10\/cropped-ACA-FR-logo-colour.png","contentUrl":"https:\/\/acaweb.ca\/fr\/wp-content\/uploads\/sites\/3\/2017\/10\/cropped-ACA-FR-logo-colour.png","width":1595,"height":417,"caption":"Association canadienne des annonceurs"},"image":{"@id":"https:\/\/acaweb.ca\/fr\/#\/schema\/logo\/image\/"}},{"@type":"Person","@id":"https:\/\/acaweb.ca\/fr\/#\/schema\/person\/09cc5e0f1b8efa083dd7628577eff761","name":"equipeaca","image":{"@type":"ImageObject","inLanguage":"fr-CA","@id":"https:\/\/acaweb.ca\/fr\/#\/schema\/person\/image\/","url":"https:\/\/secure.gravatar.com\/avatar\/a08563ce11b7e5ccf61f845beae8d016?s=96&d=mm&r=g","contentUrl":"https:\/\/secure.gravatar.com\/avatar\/a08563ce11b7e5ccf61f845beae8d016?s=96&d=mm&r=g","caption":"equipeaca"},"url":"https:\/\/acaweb.ca\/fr\/author\/equipeaca\/"}]}},"_links":{"self":[{"href":"https:\/\/acaweb.ca\/fr\/wp-json\/wp\/v2\/posts\/3268"}],"collection":[{"href":"https:\/\/acaweb.ca\/fr\/wp-json\/wp\/v2\/posts"}],"about":[{"href":"https:\/\/acaweb.ca\/fr\/wp-json\/wp\/v2\/types\/post"}],"author":[{"embeddable":true,"href":"https:\/\/acaweb.ca\/fr\/wp-json\/wp\/v2\/users\/51"}],"replies":[{"embeddable":true,"href":"https:\/\/acaweb.ca\/fr\/wp-json\/wp\/v2\/comments?post=3268"}],"version-history":[{"count":2,"href":"https:\/\/acaweb.ca\/fr\/wp-json\/wp\/v2\/posts\/3268\/revisions"}],"predecessor-version":[{"id":3271,"href":"https:\/\/acaweb.ca\/fr\/wp-json\/wp\/v2\/posts\/3268\/revisions\/3271"}],"wp:attachment":[{"href":"https:\/\/acaweb.ca\/fr\/wp-json\/wp\/v2\/media?parent=3268"}],"wp:term":[{"taxonomy":"category","embeddable":true,"href":"https:\/\/acaweb.ca\/fr\/wp-json\/wp\/v2\/categories?post=3268"},{"taxonomy":"post_tag","embeddable":true,"href":"https:\/\/acaweb.ca\/fr\/wp-json\/wp\/v2\/tags?post=3268"}],"curies":[{"name":"wp","href":"https:\/\/api.w.org\/{rel}","templated":true}]}}