{"id":2126,"date":"2013-12-19T16:18:37","date_gmt":"2013-12-19T21:18:37","guid":{"rendered":"http:\/\/www.acaweb.ca\/fr\/2017\/lequipe-de-laca-celebre-les-fetes-par-un-don-a-un-organisme-caritatif\/"},"modified":"2017-10-30T12:35:27","modified_gmt":"2017-10-30T16:35:27","slug":"lequipe-de-laca-celebre-les-fetes-par-un-don-a-un-organisme-caritatif","status":"publish","type":"post","link":"https:\/\/acaweb.ca\/fr\/2013\/lequipe-de-laca-celebre-les-fetes-par-un-don-a-un-organisme-caritatif\/","title":{"rendered":"L\u2019\u00e9quipe de l\u2019ACA c\u00e9l\u00e8bre les f\u00eates par un don \u00e0 un organisme caritatif"},"content":{"rendered":"<p><strong><em>&#8211; \u00c9quipe de l\u2019ACA<\/em><\/strong><\/p>\n<p><img loading=\"lazy\" decoding=\"async\" class=\"aligncenter size-full style=\" src=\"http:\/\/www.acaweb.ca\/fr\/wp-content\/uploads\/sites\/3\/2013\/12\/staff_photo_cropped-300x197.jpg\" alt=\"\u00c9quipe de l'ACA\" width=\"300\" height=\"197\" \/><\/p>\n<p>L\u2019esprit des F\u00eates est bien pr\u00e9sent \u00e0 l\u2019ACA. Pour une deuxi\u00e8me ann\u00e9e cons\u00e9cutive, les membres de l\u2019\u00e9quipe ont organis\u00e9 une collecte de nourriture au profit du refuge <a href=\"http:\/\/www.covenanthousetoronto.ca\/homeless-youth\/home.aspx\" target=\"_blank\" rel=\"noopener\"><strong>Covenant House de Toronto<\/strong><\/a>.<!--more--><\/p>\n<p>Cette derni\u00e8re organisation constitue la plus grande maison d\u2019accueil r\u00e9serv\u00e9e aux jeunes itin\u00e9rants au Canada. L\u2019organisme offre le plus grand \u00e9ventail de services sous un m\u00eame toit au pays, dont des services \u00e9ducatifs, des services-conseils, des soins de sant\u00e9 et une assistance emploi en plus d\u2019assurer la gestion de crise 24 heures par jour, 7 jours par semaine. Covenant House a ainsi aid\u00e9 des milliers de jeunes sans abris \u00e0 d\u00e9laisser la rue et \u00e0 entreprendre une nouvelle vie pleine d\u2019avenir.<\/p>\n","protected":false},"excerpt":{"rendered":"<p>&#8211; \u00c9quipe de l\u2019ACA L\u2019esprit des F\u00eates est bien pr\u00e9sent \u00e0 l\u2019ACA. Pour une deuxi\u00e8me ann\u00e9e cons\u00e9cutive, les membres de l\u2019\u00e9quipe ont organis\u00e9 une collecte de nourriture au profit du refuge Covenant House de Toronto.<\/p>\n","protected":false},"author":1,"featured_media":0,"comment_status":"open","ping_status":"open","sticky":false,"template":"","format":"standard","meta":{"_acf_changed":false,"content-type":"","footnotes":""},"categories":[508],"tags":[31,33,510,511],"acf":[],"yoast_head":"<!-- This site is optimized with the Yoast SEO plugin v23.4 - https:\/\/yoast.com\/wordpress\/plugins\/seo\/ -->\n<title>L\u2019\u00e9quipe de l\u2019ACA c\u00e9l\u00e8bre les f\u00eates par un don \u00e0 un organisme caritatif - Association canadienne des annonceurs<\/title>\n<meta name=\"robots\" content=\"index, follow, max-snippet:-1, max-image-preview:large, max-video-preview:-1\" \/>\n<link rel=\"canonical\" href=\"https:\/\/acaweb.ca\/fr\/2013\/lequipe-de-laca-celebre-les-fetes-par-un-don-a-un-organisme-caritatif\/\" \/>\n<meta property=\"og:locale\" content=\"fr_CA\" \/>\n<meta property=\"og:type\" content=\"article\" \/>\n<meta property=\"og:title\" content=\"L\u2019\u00e9quipe de l\u2019ACA c\u00e9l\u00e8bre les f\u00eates par un don \u00e0 un organisme caritatif - Association canadienne des annonceurs\" \/>\n<meta property=\"og:description\" content=\"&#8211; \u00c9quipe de l\u2019ACA L\u2019esprit des F\u00eates est bien pr\u00e9sent \u00e0 l\u2019ACA. Pour une deuxi\u00e8me ann\u00e9e cons\u00e9cutive, les membres de l\u2019\u00e9quipe ont organis\u00e9 une collecte de nourriture au profit du refuge Covenant House de Toronto.\" \/>\n<meta property=\"og:url\" content=\"https:\/\/acaweb.ca\/fr\/2013\/lequipe-de-laca-celebre-les-fetes-par-un-don-a-un-organisme-caritatif\/\" \/>\n<meta property=\"og:site_name\" content=\"Association canadienne des annonceurs\" \/>\n<meta property=\"article:published_time\" content=\"2013-12-19T21:18:37+00:00\" \/>\n<meta property=\"article:modified_time\" content=\"2017-10-30T16:35:27+00:00\" \/>\n<meta property=\"og:image\" content=\"http:\/\/www.acaweb.ca\/fr\/wp-content\/uploads\/sites\/3\/2013\/12\/staff_photo_cropped-300x197.jpg\" \/>\n<meta name=\"author\" content=\"ACA Team\" \/>\n<meta name=\"twitter:card\" content=\"summary_large_image\" \/>\n<meta name=\"twitter:label1\" content=\"\u00c9crit par\" \/>\n\t<meta name=\"twitter:data1\" content=\"ACA Team\" \/>\n\t<meta name=\"twitter:label2\" content=\"Estimation du temps de lecture\" \/>\n\t<meta name=\"twitter:data2\" content=\"1 minute\" \/>\n<script type=\"application\/ld+json\" class=\"yoast-schema-graph\">{\"@context\":\"https:\/\/schema.org\",\"@graph\":[{\"@type\":\"Article\",\"@id\":\"https:\/\/acaweb.ca\/fr\/2013\/lequipe-de-laca-celebre-les-fetes-par-un-don-a-un-organisme-caritatif\/#article\",\"isPartOf\":{\"@id\":\"https:\/\/acaweb.ca\/fr\/2013\/lequipe-de-laca-celebre-les-fetes-par-un-don-a-un-organisme-caritatif\/\"},\"author\":{\"name\":\"ACA Team\",\"@id\":\"https:\/\/acaweb.ca\/fr\/#\/schema\/person\/f7817c23950338ef3ae1594b950a8b34\"},\"headline\":\"L\u2019\u00e9quipe de l\u2019ACA c\u00e9l\u00e8bre les f\u00eates par un don \u00e0 un organisme caritatif\",\"datePublished\":\"2013-12-19T21:18:37+00:00\",\"dateModified\":\"2017-10-30T16:35:27+00:00\",\"mainEntityOfPage\":{\"@id\":\"https:\/\/acaweb.ca\/fr\/2013\/lequipe-de-laca-celebre-les-fetes-par-un-don-a-un-organisme-caritatif\/\"},\"wordCount\":147,\"commentCount\":0,\"publisher\":{\"@id\":\"https:\/\/acaweb.ca\/fr\/#organization\"},\"image\":{\"@id\":\"https:\/\/acaweb.ca\/fr\/2013\/lequipe-de-laca-celebre-les-fetes-par-un-don-a-un-organisme-caritatif\/#primaryimage\"},\"thumbnailUrl\":\"http:\/\/www.acaweb.ca\/fr\/wp-content\/uploads\/sites\/3\/2013\/12\/staff_photo_cropped-300x197.jpg\",\"keywords\":[\"aca\",\"association canadienne des annonceurs\",\"Covenant House\",\"don\"],\"articleSection\":[\"Nouvelles de l\u2019ACA\"],\"inLanguage\":\"fr-CA\",\"potentialAction\":[{\"@type\":\"CommentAction\",\"name\":\"Comment\",\"target\":[\"https:\/\/acaweb.ca\/fr\/2013\/lequipe-de-laca-celebre-les-fetes-par-un-don-a-un-organisme-caritatif\/#respond\"]}]},{\"@type\":\"WebPage\",\"@id\":\"https:\/\/acaweb.ca\/fr\/2013\/lequipe-de-laca-celebre-les-fetes-par-un-don-a-un-organisme-caritatif\/\",\"url\":\"https:\/\/acaweb.ca\/fr\/2013\/lequipe-de-laca-celebre-les-fetes-par-un-don-a-un-organisme-caritatif\/\",\"name\":\"L\u2019\u00e9quipe de l\u2019ACA c\u00e9l\u00e8bre les f\u00eates par un don \u00e0 un organisme caritatif - Association canadienne des annonceurs\",\"isPartOf\":{\"@id\":\"https:\/\/acaweb.ca\/fr\/#website\"},\"primaryImageOfPage\":{\"@id\":\"https:\/\/acaweb.ca\/fr\/2013\/lequipe-de-laca-celebre-les-fetes-par-un-don-a-un-organisme-caritatif\/#primaryimage\"},\"image\":{\"@id\":\"https:\/\/acaweb.ca\/fr\/2013\/lequipe-de-laca-celebre-les-fetes-par-un-don-a-un-organisme-caritatif\/#primaryimage\"},\"thumbnailUrl\":\"http:\/\/www.acaweb.ca\/fr\/wp-content\/uploads\/sites\/3\/2013\/12\/staff_photo_cropped-300x197.jpg\",\"datePublished\":\"2013-12-19T21:18:37+00:00\",\"dateModified\":\"2017-10-30T16:35:27+00:00\",\"breadcrumb\":{\"@id\":\"https:\/\/acaweb.ca\/fr\/2013\/lequipe-de-laca-celebre-les-fetes-par-un-don-a-un-organisme-caritatif\/#breadcrumb\"},\"inLanguage\":\"fr-CA\",\"potentialAction\":[{\"@type\":\"ReadAction\",\"target\":[\"https:\/\/acaweb.ca\/fr\/2013\/lequipe-de-laca-celebre-les-fetes-par-un-don-a-un-organisme-caritatif\/\"]}]},{\"@type\":\"ImageObject\",\"inLanguage\":\"fr-CA\",\"@id\":\"https:\/\/acaweb.ca\/fr\/2013\/lequipe-de-laca-celebre-les-fetes-par-un-don-a-un-organisme-caritatif\/#primaryimage\",\"url\":\"http:\/\/www.acaweb.ca\/fr\/wp-content\/uploads\/sites\/3\/2013\/12\/staff_photo_cropped-300x197.jpg\",\"contentUrl\":\"http:\/\/www.acaweb.ca\/fr\/wp-content\/uploads\/sites\/3\/2013\/12\/staff_photo_cropped-300x197.jpg\"},{\"@type\":\"BreadcrumbList\",\"@id\":\"https:\/\/acaweb.ca\/fr\/2013\/lequipe-de-laca-celebre-les-fetes-par-un-don-a-un-organisme-caritatif\/#breadcrumb\",\"itemListElement\":[{\"@type\":\"ListItem\",\"position\":1,\"name\":\"Accueil\",\"item\":\"https:\/\/acaweb.ca\/fr\/\"},{\"@type\":\"ListItem\",\"position\":2,\"name\":\"L\u2019\u00e9quipe de l\u2019ACA c\u00e9l\u00e8bre les f\u00eates par un don \u00e0 un organisme caritatif\"}]},{\"@type\":\"WebSite\",\"@id\":\"https:\/\/acaweb.ca\/fr\/#website\",\"url\":\"https:\/\/acaweb.ca\/fr\/\",\"name\":\"Association canadienne des annonceurs\",\"description\":\"\",\"publisher\":{\"@id\":\"https:\/\/acaweb.ca\/fr\/#organization\"},\"potentialAction\":[{\"@type\":\"SearchAction\",\"target\":{\"@type\":\"EntryPoint\",\"urlTemplate\":\"https:\/\/acaweb.ca\/fr\/?s={search_term_string}\"},\"query-input\":{\"@type\":\"PropertyValueSpecification\",\"valueRequired\":true,\"valueName\":\"search_term_string\"}}],\"inLanguage\":\"fr-CA\"},{\"@type\":\"Organization\",\"@id\":\"https:\/\/acaweb.ca\/fr\/#organization\",\"name\":\"Association canadienne des annonceurs\",\"url\":\"https:\/\/acaweb.ca\/fr\/\",\"logo\":{\"@type\":\"ImageObject\",\"inLanguage\":\"fr-CA\",\"@id\":\"https:\/\/acaweb.ca\/fr\/#\/schema\/logo\/image\/\",\"url\":\"https:\/\/acaweb.ca\/fr\/wp-content\/uploads\/sites\/3\/2017\/10\/cropped-ACA-FR-logo-colour.png\",\"contentUrl\":\"https:\/\/acaweb.ca\/fr\/wp-content\/uploads\/sites\/3\/2017\/10\/cropped-ACA-FR-logo-colour.png\",\"width\":1595,\"height\":417,\"caption\":\"Association canadienne des annonceurs\"},\"image\":{\"@id\":\"https:\/\/acaweb.ca\/fr\/#\/schema\/logo\/image\/\"}},{\"@type\":\"Person\",\"@id\":\"https:\/\/acaweb.ca\/fr\/#\/schema\/person\/f7817c23950338ef3ae1594b950a8b34\",\"name\":\"ACA Team\",\"image\":{\"@type\":\"ImageObject\",\"inLanguage\":\"fr-CA\",\"@id\":\"https:\/\/acaweb.ca\/fr\/#\/schema\/person\/image\/\",\"url\":\"https:\/\/secure.gravatar.com\/avatar\/6ec41aa20c8ca581a7102d623b8e4175?s=96&d=mm&r=g\",\"contentUrl\":\"https:\/\/secure.gravatar.com\/avatar\/6ec41aa20c8ca581a7102d623b8e4175?s=96&d=mm&r=g\",\"caption\":\"ACA Team\"},\"url\":\"https:\/\/acaweb.ca\/fr\/author\/webadmin\/\"}]}<\/script>\n<!-- \/ Yoast SEO plugin. -->","yoast_head_json":{"title":"L\u2019\u00e9quipe de l\u2019ACA c\u00e9l\u00e8bre les f\u00eates par un don \u00e0 un organisme caritatif - Association canadienne des annonceurs","robots":{"index":"index","follow":"follow","max-snippet":"max-snippet:-1","max-image-preview":"max-image-preview:large","max-video-preview":"max-video-preview:-1"},"canonical":"https:\/\/acaweb.ca\/fr\/2013\/lequipe-de-laca-celebre-les-fetes-par-un-don-a-un-organisme-caritatif\/","og_locale":"fr_CA","og_type":"article","og_title":"L\u2019\u00e9quipe de l\u2019ACA c\u00e9l\u00e8bre les f\u00eates par un don \u00e0 un organisme caritatif - Association canadienne des annonceurs","og_description":"&#8211; \u00c9quipe de l\u2019ACA L\u2019esprit des F\u00eates est bien pr\u00e9sent \u00e0 l\u2019ACA. Pour une deuxi\u00e8me ann\u00e9e cons\u00e9cutive, les membres de l\u2019\u00e9quipe ont organis\u00e9 une collecte de nourriture au profit du refuge Covenant House de Toronto.","og_url":"https:\/\/acaweb.ca\/fr\/2013\/lequipe-de-laca-celebre-les-fetes-par-un-don-a-un-organisme-caritatif\/","og_site_name":"Association canadienne des annonceurs","article_published_time":"2013-12-19T21:18:37+00:00","article_modified_time":"2017-10-30T16:35:27+00:00","og_image":[{"url":"http:\/\/www.acaweb.ca\/fr\/wp-content\/uploads\/sites\/3\/2013\/12\/staff_photo_cropped-300x197.jpg"}],"author":"ACA Team","twitter_card":"summary_large_image","twitter_misc":{"\u00c9crit par":"ACA Team","Estimation du temps de lecture":"1 minute"},"schema":{"@context":"https:\/\/schema.org","@graph":[{"@type":"Article","@id":"https:\/\/acaweb.ca\/fr\/2013\/lequipe-de-laca-celebre-les-fetes-par-un-don-a-un-organisme-caritatif\/#article","isPartOf":{"@id":"https:\/\/acaweb.ca\/fr\/2013\/lequipe-de-laca-celebre-les-fetes-par-un-don-a-un-organisme-caritatif\/"},"author":{"name":"ACA Team","@id":"https:\/\/acaweb.ca\/fr\/#\/schema\/person\/f7817c23950338ef3ae1594b950a8b34"},"headline":"L\u2019\u00e9quipe de l\u2019ACA c\u00e9l\u00e8bre les f\u00eates par un don \u00e0 un organisme caritatif","datePublished":"2013-12-19T21:18:37+00:00","dateModified":"2017-10-30T16:35:27+00:00","mainEntityOfPage":{"@id":"https:\/\/acaweb.ca\/fr\/2013\/lequipe-de-laca-celebre-les-fetes-par-un-don-a-un-organisme-caritatif\/"},"wordCount":147,"commentCount":0,"publisher":{"@id":"https:\/\/acaweb.ca\/fr\/#organization"},"image":{"@id":"https:\/\/acaweb.ca\/fr\/2013\/lequipe-de-laca-celebre-les-fetes-par-un-don-a-un-organisme-caritatif\/#primaryimage"},"thumbnailUrl":"http:\/\/www.acaweb.ca\/fr\/wp-content\/uploads\/sites\/3\/2013\/12\/staff_photo_cropped-300x197.jpg","keywords":["aca","association canadienne des annonceurs","Covenant House","don"],"articleSection":["Nouvelles de l\u2019ACA"],"inLanguage":"fr-CA","potentialAction":[{"@type":"CommentAction","name":"Comment","target":["https:\/\/acaweb.ca\/fr\/2013\/lequipe-de-laca-celebre-les-fetes-par-un-don-a-un-organisme-caritatif\/#respond"]}]},{"@type":"WebPage","@id":"https:\/\/acaweb.ca\/fr\/2013\/lequipe-de-laca-celebre-les-fetes-par-un-don-a-un-organisme-caritatif\/","url":"https:\/\/acaweb.ca\/fr\/2013\/lequipe-de-laca-celebre-les-fetes-par-un-don-a-un-organisme-caritatif\/","name":"L\u2019\u00e9quipe de l\u2019ACA c\u00e9l\u00e8bre les f\u00eates par un don \u00e0 un organisme caritatif - Association canadienne des annonceurs","isPartOf":{"@id":"https:\/\/acaweb.ca\/fr\/#website"},"primaryImageOfPage":{"@id":"https:\/\/acaweb.ca\/fr\/2013\/lequipe-de-laca-celebre-les-fetes-par-un-don-a-un-organisme-caritatif\/#primaryimage"},"image":{"@id":"https:\/\/acaweb.ca\/fr\/2013\/lequipe-de-laca-celebre-les-fetes-par-un-don-a-un-organisme-caritatif\/#primaryimage"},"thumbnailUrl":"http:\/\/www.acaweb.ca\/fr\/wp-content\/uploads\/sites\/3\/2013\/12\/staff_photo_cropped-300x197.jpg","datePublished":"2013-12-19T21:18:37+00:00","dateModified":"2017-10-30T16:35:27+00:00","breadcrumb":{"@id":"https:\/\/acaweb.ca\/fr\/2013\/lequipe-de-laca-celebre-les-fetes-par-un-don-a-un-organisme-caritatif\/#breadcrumb"},"inLanguage":"fr-CA","potentialAction":[{"@type":"ReadAction","target":["https:\/\/acaweb.ca\/fr\/2013\/lequipe-de-laca-celebre-les-fetes-par-un-don-a-un-organisme-caritatif\/"]}]},{"@type":"ImageObject","inLanguage":"fr-CA","@id":"https:\/\/acaweb.ca\/fr\/2013\/lequipe-de-laca-celebre-les-fetes-par-un-don-a-un-organisme-caritatif\/#primaryimage","url":"http:\/\/www.acaweb.ca\/fr\/wp-content\/uploads\/sites\/3\/2013\/12\/staff_photo_cropped-300x197.jpg","contentUrl":"http:\/\/www.acaweb.ca\/fr\/wp-content\/uploads\/sites\/3\/2013\/12\/staff_photo_cropped-300x197.jpg"},{"@type":"BreadcrumbList","@id":"https:\/\/acaweb.ca\/fr\/2013\/lequipe-de-laca-celebre-les-fetes-par-un-don-a-un-organisme-caritatif\/#breadcrumb","itemListElement":[{"@type":"ListItem","position":1,"name":"Accueil","item":"https:\/\/acaweb.ca\/fr\/"},{"@type":"ListItem","position":2,"name":"L\u2019\u00e9quipe de l\u2019ACA c\u00e9l\u00e8bre les f\u00eates par un don \u00e0 un organisme caritatif"}]},{"@type":"WebSite","@id":"https:\/\/acaweb.ca\/fr\/#website","url":"https:\/\/acaweb.ca\/fr\/","name":"Association canadienne des annonceurs","description":"","publisher":{"@id":"https:\/\/acaweb.ca\/fr\/#organization"},"potentialAction":[{"@type":"SearchAction","target":{"@type":"EntryPoint","urlTemplate":"https:\/\/acaweb.ca\/fr\/?s={search_term_string}"},"query-input":{"@type":"PropertyValueSpecification","valueRequired":true,"valueName":"search_term_string"}}],"inLanguage":"fr-CA"},{"@type":"Organization","@id":"https:\/\/acaweb.ca\/fr\/#organization","name":"Association canadienne des annonceurs","url":"https:\/\/acaweb.ca\/fr\/","logo":{"@type":"ImageObject","inLanguage":"fr-CA","@id":"https:\/\/acaweb.ca\/fr\/#\/schema\/logo\/image\/","url":"https:\/\/acaweb.ca\/fr\/wp-content\/uploads\/sites\/3\/2017\/10\/cropped-ACA-FR-logo-colour.png","contentUrl":"https:\/\/acaweb.ca\/fr\/wp-content\/uploads\/sites\/3\/2017\/10\/cropped-ACA-FR-logo-colour.png","width":1595,"height":417,"caption":"Association canadienne des annonceurs"},"image":{"@id":"https:\/\/acaweb.ca\/fr\/#\/schema\/logo\/image\/"}},{"@type":"Person","@id":"https:\/\/acaweb.ca\/fr\/#\/schema\/person\/f7817c23950338ef3ae1594b950a8b34","name":"ACA Team","image":{"@type":"ImageObject","inLanguage":"fr-CA","@id":"https:\/\/acaweb.ca\/fr\/#\/schema\/person\/image\/","url":"https:\/\/secure.gravatar.com\/avatar\/6ec41aa20c8ca581a7102d623b8e4175?s=96&d=mm&r=g","contentUrl":"https:\/\/secure.gravatar.com\/avatar\/6ec41aa20c8ca581a7102d623b8e4175?s=96&d=mm&r=g","caption":"ACA Team"},"url":"https:\/\/acaweb.ca\/fr\/author\/webadmin\/"}]}},"_links":{"self":[{"href":"https:\/\/acaweb.ca\/fr\/wp-json\/wp\/v2\/posts\/2126"}],"collection":[{"href":"https:\/\/acaweb.ca\/fr\/wp-json\/wp\/v2\/posts"}],"about":[{"href":"https:\/\/acaweb.ca\/fr\/wp-json\/wp\/v2\/types\/post"}],"author":[{"embeddable":true,"href":"https:\/\/acaweb.ca\/fr\/wp-json\/wp\/v2\/users\/1"}],"replies":[{"embeddable":true,"href":"https:\/\/acaweb.ca\/fr\/wp-json\/wp\/v2\/comments?post=2126"}],"version-history":[{"count":0,"href":"https:\/\/acaweb.ca\/fr\/wp-json\/wp\/v2\/posts\/2126\/revisions"}],"wp:attachment":[{"href":"https:\/\/acaweb.ca\/fr\/wp-json\/wp\/v2\/media?parent=2126"}],"wp:term":[{"taxonomy":"category","embeddable":true,"href":"https:\/\/acaweb.ca\/fr\/wp-json\/wp\/v2\/categories?post=2126"},{"taxonomy":"post_tag","embeddable":true,"href":"https:\/\/acaweb.ca\/fr\/wp-json\/wp\/v2\/tags?post=2126"}],"curies":[{"name":"wp","href":"https:\/\/api.w.org\/{rel}","templated":true}]}}