{"id":2067,"date":"2017-06-14T12:49:14","date_gmt":"2017-06-14T16:49:14","guid":{"rendered":"http:\/\/www.acaweb.ca\/fr\/2017\/plus-personne-ne-sinteresse-a-la-promesse-de-votre-marque\/"},"modified":"2021-01-08T16:34:51","modified_gmt":"2021-01-08T21:34:51","slug":"plus-personne-ne-sinteresse-a-la-promesse-de-votre-marque","status":"publish","type":"post","link":"https:\/\/acaweb.ca\/fr\/2017\/plus-personne-ne-sinteresse-a-la-promesse-de-votre-marque\/","title":{"rendered":"Plus personne ne s\u2019int\u00e9resse \u00e0 la promesse de votre marque"},"content":{"rendered":"<figure id=\"attachment_11811\" aria-describedby=\"caption-attachment-11811\" style=\"width: 150px\" class=\"wp-caption alignleft\"><img loading=\"lazy\" decoding=\"async\" src=\"http:\/\/www.acaweb.ca\/fr\/wp-content\/uploads\/sites\/3\/2017\/06\/Manu-photo-cropped-150x150.jpg\" alt=\"Alexander Manu\" width=\"150\" height=\"150\" class=\"size-thumbnail wp-image-11811\" style=\"margin-right: 10px;\" \/><figcaption id=\"caption-attachment-11811\" class=\"wp-caption-text\">Alexander Manu<\/figcaption><\/figure>\n<p>Quelle est la promesse de votre marque? Selon Alexander Manu, conseiller en innovation strat\u00e9gique, auteur et professeur, cela n\u2019importe plus. <\/p>\n<p>M. Manu a expliqu\u00e9 sa vision dans une allocution qu\u2019il pronon\u00e7ait lors de l\u2019ouverture de la conf\u00e9rence sur la technologie publicitaire de <em>Strategy <\/em>qui avait lieu \u00e0 Toronto le mois dernier. <\/p>\n<p>D\u2019apr\u00e8s lui, la promesse publicitaire, longtemps consid\u00e9r\u00e9e comme une composante essentielle du mod\u00e8le d\u2019affaires d\u2019une marque \u00e0 succ\u00e8s aurait \u00e9t\u00e9 remplac\u00e9e par la valeur livr\u00e9e. \u00ab Tout est dans le \u2018comment\u2019 et non plus dans le \u2018quoi\u2019 \u00bb, a-t-il affirm\u00e9. \u00ab Personne ne se soucie de la promesse publicitaire d\u2019Uber. Ce qui compte, c\u2019est la valeur livr\u00e9e. Comment puis-je me rendre \u00e0 telle destination? On place le \u2018comment\u2019 au centre et tout le reste tourne autour. \u00bb<!--more--><\/p>\n<p>Il a montr\u00e9 comment la technologie modifie les comportements humains et ce que cela signifie pour les annonceurs. Voici les conclusions principales et quelques extraits de sa conf\u00e9rence.<\/p>\n<p><strong>La fin des profils d\u00e9mographiques<\/strong><\/p>\n<p>Selon lui, gr\u00e2ce \u00e0 la technologie, le mod\u00e8le traditionnel de profil d\u00e9mographi\u00acque ne s\u2019applique plus. <\/p>\n<p>\u00ab Nous sommes connect\u00e9s \u00e0 un espace comportemental, c\u2019est cela notre profil d\u00e9mographique \u00bb, a-t-il pr\u00e9cis\u00e9. \u00ab Peu importe notre \u00e2ge, nous partageons la m\u00eame exp\u00e9rience, nous jouons aux m\u00eames jeux.<\/p>\n<p>\u00ab Ceux qui jouent \u00e0 <em>Monument Valley<\/em> (un jeu sur appareil mobile) ne se sentent ni jeunes ni vieux. Ils font partie de cet \u00e9cosyst\u00e8me, ils vivent ce moment. \u00bb<\/p>\n<p>Il a soulign\u00e9 comment les syst\u00e8mes de t\u00e9l\u00e9phonie vid\u00e9o, comme FaceTime et WhatsApp, rendent le monde \u00e0 la fois plus grand et plus petit. <\/p>\n<p>\u00ab Nous n\u2019avons jamais cr\u00e9\u00e9 des r\u00e9seaux de cette envergure auparavant et nous n\u2019avons pas encore une compr\u00e9hension approfondie de ce que cela signifie \u00bb, a-t-il expliqu\u00e9. \u00ab On sait seulement qu\u2019un objet social + une pr\u00e9sence sociale ont permis de cr\u00e9er les r\u00e9seaux sociaux, d\u2019o\u00f9 est n\u00e9e l\u2019\u00e9conomie de la conversation. \u00bb <\/p>\n<p><strong>Les marques doivent s\u2019humaniser<\/strong><\/p>\n<p>\u00ab Si votre toilette pouvait parler, quelle question lui poseriez-vous en premier? \u00bb<\/p>\n<p>M. Manu s\u2019est servi de cette question pour illustrer comment les consom\u00acmateurs veulent maintenant que la technologie leur apporte la sagesse. Or, l\u2019id\u00e9e d\u2019une toilette parlante n\u2019est plus si \u00e9trange : elles existent d\u00e9j\u00e0 au Japon. Il ne fait aucun doute que nos brosses \u00e0 dents pourront un jour diagnostiquer nos probl\u00e8mes de sant\u00e9 \u00e0 partir de l\u2019\u00e9tat de nos gencives, et ce, bien avant notre rendez-vous chez le dentiste. Dans ce contexte, les marques devront parler aux consommateurs \u2013 non pas pour leur vendre quoi que ce soit, mais pour les aider.<\/p>\n<p>\u00ab Tout converge vers cette sagesse. Je ne veux pas avoir de l\u2019information ou des donn\u00e9es \u00bb a-t-il pr\u00e9cis\u00e9. \u00ab Je veux de la signification, un but dans la vie. Je veux un catalyseur qui me pr\u00e9sente le meilleur choix et qui me l\u2019apporte. \u00bb<\/p>\n<p><strong>Une marque se construit par ses actions<\/strong><\/p>\n<p>Toujours selon M. Manu, de nos jours, en interagissant plus fr\u00e9quemment avec les consommateurs tout au long de la journ\u00e9e, les marques se d\u00e9veloppent \u00e0 mesure qu\u2019on les g\u00e8re.<br \/>\nLa gestion du contenu devient alors capitale.<\/p>\n<p>M. Manu s\u2019est avanc\u00e9 \u00e0 pr\u00e9dire que la prochaine \u00e9volution d\u2019Internet transformera ce d\u00e9fi, arguant que l\u2019on se dirige vers le moment o\u00f9 tous les appareils seront connect\u00e9s passivement \u00e0 Internet et que les r\u00e9seaux sociaux seront, eux aussi, passifs. <\/p>\n<p>\u00ab Les gens ne publieront plus rien par eux-m\u00eames \u2013 on les suivra et certaines choses seront publi\u00e9es pour eux, avec leur permission. <\/p>\n<p>\u00ab Cette connexion passive universelle cr\u00e9era une nouvelle demande parce que je n\u2019aurai plus qu\u2019une pr\u00e9sence contextuelle \u00bb, a-t-il affirm\u00e9. \u00ab En tant que marque, je voudrai \u00eatre pr\u00e9sent dans la vie de chacun, mais de fa\u00e7on contextuelle. J\u2019aurai beaucoup \u00e0 apprendre sur l\u2019ontologie (branche de la m\u00e9taphysique traitant de la nature de l\u2019\u00eatre) et sur la taxonomie (discipline scientifique de la classification). \u00bb <\/p>\n<p><strong>Que peuvent faire les annonceurs?<\/strong><\/p>\n<p>Selon lui, \u00e0 part rafra\u00eechir leurs connaissances ontologiques et taxonomiques, les marques devront d\u00e9velopper des strat\u00e9gies de proximit\u00e9 des emplacements et de mobilit\u00e9. <\/p>\n<p>Les annonceurs devront apprendre \u00e0 entrer en contact avec les consommateurs dans leurs diverses exp\u00e9riences de la journ\u00e9e. Cet engagement devra \u00eatre r\u00e9el et servir \u00e0 faciliter leur cheminement et non \u00e0 l\u2019interrompre.<\/p>\n<p>\u00ab La description des actions des gens en tant que donn\u00e9es constitue la nouvelle monnaie \u00bb, a-t-il d\u00e9clar\u00e9. \u00ab Il n\u2019en reste pas moins que des donn\u00e9es g\u00e9olocalis\u00e9es et structur\u00e9es constituent le m\u00e9dia marketing de choix. \u00bb<\/p>\n<p>\u00c0 son avis, ceci donne une nouvelle mission aux sp\u00e9cialistes du marketing par contenu : ils doivent se consid\u00e9rer comme les \u00ab conservateurs de l\u2019exp\u00e9rience de la vie quotidienne.<\/p>\n<p>\u00ab De leur c\u00f4t\u00e9, les marques devront cr\u00e9er plus d\u2019occasions de permettre aux gens de maximiser leur propre exp\u00e9rience de vie \u00bb, a-t-il conclu. \u00ab Cela exigera l\u2019int\u00e9gration de la r\u00e9alit\u00e9 physique et de la r\u00e9alit\u00e9 num\u00e9rique de la marque, ph\u00e9nom\u00e8ne qui est d\u00e9j\u00e0 en cours. \u00bb<\/p>\n","protected":false},"excerpt":{"rendered":"<p>Quelle est la promesse de votre marque? Selon Alexander Manu, conseiller en innovation strat\u00e9gique, auteur et professeur, cela n\u2019importe plus. M. Manu a expliqu\u00e9 sa vision dans une allocution qu\u2019il pronon\u00e7ait lors de l\u2019ouverture de la conf\u00e9rence sur la technologie publicitaire de Strategy qui avait lieu \u00e0 Toronto le mois dernier. D\u2019apr\u00e8s lui, la promesse [&hellip;]<\/p>\n","protected":false},"author":51,"featured_media":0,"comment_status":"open","ping_status":"open","sticky":false,"template":"","format":"standard","meta":{"_acf_changed":false,"content-type":"","footnotes":""},"categories":[301],"tags":[390,391,392],"acf":[],"yoast_head":"<!-- This site is optimized with the Yoast SEO plugin v23.4 - https:\/\/yoast.com\/wordpress\/plugins\/seo\/ -->\n<title>Plus personne ne s\u2019int\u00e9resse \u00e0 la promesse de votre marque - Association canadienne des annonceurs<\/title>\n<meta name=\"robots\" content=\"index, follow, max-snippet:-1, max-image-preview:large, max-video-preview:-1\" \/>\n<link rel=\"canonical\" href=\"https:\/\/acaweb.ca\/fr\/2017\/plus-personne-ne-sinteresse-a-la-promesse-de-votre-marque\/\" \/>\n<meta property=\"og:locale\" content=\"fr_CA\" \/>\n<meta property=\"og:type\" content=\"article\" \/>\n<meta property=\"og:title\" content=\"Plus personne ne s\u2019int\u00e9resse \u00e0 la promesse de votre marque - Association canadienne des annonceurs\" \/>\n<meta property=\"og:description\" content=\"Quelle est la promesse de votre marque? Selon Alexander Manu, conseiller en innovation strat\u00e9gique, auteur et professeur, cela n\u2019importe plus. M. Manu a expliqu\u00e9 sa vision dans une allocution qu\u2019il pronon\u00e7ait lors de l\u2019ouverture de la conf\u00e9rence sur la technologie publicitaire de Strategy qui avait lieu \u00e0 Toronto le mois dernier. D\u2019apr\u00e8s lui, la promesse [&hellip;]\" \/>\n<meta property=\"og:url\" content=\"https:\/\/acaweb.ca\/fr\/2017\/plus-personne-ne-sinteresse-a-la-promesse-de-votre-marque\/\" \/>\n<meta property=\"og:site_name\" content=\"Association canadienne des annonceurs\" \/>\n<meta property=\"article:published_time\" content=\"2017-06-14T16:49:14+00:00\" \/>\n<meta property=\"article:modified_time\" content=\"2021-01-08T21:34:51+00:00\" \/>\n<meta property=\"og:image\" content=\"http:\/\/www.acaweb.ca\/fr\/wp-content\/uploads\/sites\/3\/2017\/06\/Manu-photo-cropped-150x150.jpg\" \/>\n<meta name=\"author\" content=\"equipeaca\" \/>\n<meta name=\"twitter:card\" content=\"summary_large_image\" \/>\n<meta name=\"twitter:label1\" content=\"\u00c9crit par\" \/>\n\t<meta name=\"twitter:data1\" content=\"equipeaca\" \/>\n\t<meta name=\"twitter:label2\" content=\"Estimation du temps de lecture\" \/>\n\t<meta name=\"twitter:data2\" content=\"4 minutes\" \/>\n<script type=\"application\/ld+json\" class=\"yoast-schema-graph\">{\"@context\":\"https:\/\/schema.org\",\"@graph\":[{\"@type\":\"Article\",\"@id\":\"https:\/\/acaweb.ca\/fr\/2017\/plus-personne-ne-sinteresse-a-la-promesse-de-votre-marque\/#article\",\"isPartOf\":{\"@id\":\"https:\/\/acaweb.ca\/fr\/2017\/plus-personne-ne-sinteresse-a-la-promesse-de-votre-marque\/\"},\"author\":{\"name\":\"equipeaca\",\"@id\":\"https:\/\/acaweb.ca\/fr\/#\/schema\/person\/09cc5e0f1b8efa083dd7628577eff761\"},\"headline\":\"Plus personne ne s\u2019int\u00e9resse \u00e0 la promesse de votre marque\",\"datePublished\":\"2017-06-14T16:49:14+00:00\",\"dateModified\":\"2021-01-08T21:34:51+00:00\",\"mainEntityOfPage\":{\"@id\":\"https:\/\/acaweb.ca\/fr\/2017\/plus-personne-ne-sinteresse-a-la-promesse-de-votre-marque\/\"},\"wordCount\":896,\"commentCount\":0,\"publisher\":{\"@id\":\"https:\/\/acaweb.ca\/fr\/#organization\"},\"image\":{\"@id\":\"https:\/\/acaweb.ca\/fr\/2017\/plus-personne-ne-sinteresse-a-la-promesse-de-votre-marque\/#primaryimage\"},\"thumbnailUrl\":\"http:\/\/www.acaweb.ca\/fr\/wp-content\/uploads\/sites\/3\/2017\/06\/Manu-photo-cropped-150x150.jpg\",\"keywords\":[\"Alexander Manu\",\"Strategy\",\"technologie\"],\"articleSection\":[\"Marketing num\u00e9rique\"],\"inLanguage\":\"fr-CA\",\"potentialAction\":[{\"@type\":\"CommentAction\",\"name\":\"Comment\",\"target\":[\"https:\/\/acaweb.ca\/fr\/2017\/plus-personne-ne-sinteresse-a-la-promesse-de-votre-marque\/#respond\"]}]},{\"@type\":\"WebPage\",\"@id\":\"https:\/\/acaweb.ca\/fr\/2017\/plus-personne-ne-sinteresse-a-la-promesse-de-votre-marque\/\",\"url\":\"https:\/\/acaweb.ca\/fr\/2017\/plus-personne-ne-sinteresse-a-la-promesse-de-votre-marque\/\",\"name\":\"Plus personne ne s\u2019int\u00e9resse \u00e0 la promesse de votre marque - Association canadienne des annonceurs\",\"isPartOf\":{\"@id\":\"https:\/\/acaweb.ca\/fr\/#website\"},\"primaryImageOfPage\":{\"@id\":\"https:\/\/acaweb.ca\/fr\/2017\/plus-personne-ne-sinteresse-a-la-promesse-de-votre-marque\/#primaryimage\"},\"image\":{\"@id\":\"https:\/\/acaweb.ca\/fr\/2017\/plus-personne-ne-sinteresse-a-la-promesse-de-votre-marque\/#primaryimage\"},\"thumbnailUrl\":\"http:\/\/www.acaweb.ca\/fr\/wp-content\/uploads\/sites\/3\/2017\/06\/Manu-photo-cropped-150x150.jpg\",\"datePublished\":\"2017-06-14T16:49:14+00:00\",\"dateModified\":\"2021-01-08T21:34:51+00:00\",\"breadcrumb\":{\"@id\":\"https:\/\/acaweb.ca\/fr\/2017\/plus-personne-ne-sinteresse-a-la-promesse-de-votre-marque\/#breadcrumb\"},\"inLanguage\":\"fr-CA\",\"potentialAction\":[{\"@type\":\"ReadAction\",\"target\":[\"https:\/\/acaweb.ca\/fr\/2017\/plus-personne-ne-sinteresse-a-la-promesse-de-votre-marque\/\"]}]},{\"@type\":\"ImageObject\",\"inLanguage\":\"fr-CA\",\"@id\":\"https:\/\/acaweb.ca\/fr\/2017\/plus-personne-ne-sinteresse-a-la-promesse-de-votre-marque\/#primaryimage\",\"url\":\"http:\/\/www.acaweb.ca\/fr\/wp-content\/uploads\/sites\/3\/2017\/06\/Manu-photo-cropped-150x150.jpg\",\"contentUrl\":\"http:\/\/www.acaweb.ca\/fr\/wp-content\/uploads\/sites\/3\/2017\/06\/Manu-photo-cropped-150x150.jpg\"},{\"@type\":\"BreadcrumbList\",\"@id\":\"https:\/\/acaweb.ca\/fr\/2017\/plus-personne-ne-sinteresse-a-la-promesse-de-votre-marque\/#breadcrumb\",\"itemListElement\":[{\"@type\":\"ListItem\",\"position\":1,\"name\":\"Accueil\",\"item\":\"https:\/\/acaweb.ca\/fr\/\"},{\"@type\":\"ListItem\",\"position\":2,\"name\":\"Plus personne ne s\u2019int\u00e9resse \u00e0 la promesse de votre marque\"}]},{\"@type\":\"WebSite\",\"@id\":\"https:\/\/acaweb.ca\/fr\/#website\",\"url\":\"https:\/\/acaweb.ca\/fr\/\",\"name\":\"Association canadienne des annonceurs\",\"description\":\"\",\"publisher\":{\"@id\":\"https:\/\/acaweb.ca\/fr\/#organization\"},\"potentialAction\":[{\"@type\":\"SearchAction\",\"target\":{\"@type\":\"EntryPoint\",\"urlTemplate\":\"https:\/\/acaweb.ca\/fr\/?s={search_term_string}\"},\"query-input\":{\"@type\":\"PropertyValueSpecification\",\"valueRequired\":true,\"valueName\":\"search_term_string\"}}],\"inLanguage\":\"fr-CA\"},{\"@type\":\"Organization\",\"@id\":\"https:\/\/acaweb.ca\/fr\/#organization\",\"name\":\"Association canadienne des annonceurs\",\"url\":\"https:\/\/acaweb.ca\/fr\/\",\"logo\":{\"@type\":\"ImageObject\",\"inLanguage\":\"fr-CA\",\"@id\":\"https:\/\/acaweb.ca\/fr\/#\/schema\/logo\/image\/\",\"url\":\"https:\/\/acaweb.ca\/fr\/wp-content\/uploads\/sites\/3\/2017\/10\/cropped-ACA-FR-logo-colour.png\",\"contentUrl\":\"https:\/\/acaweb.ca\/fr\/wp-content\/uploads\/sites\/3\/2017\/10\/cropped-ACA-FR-logo-colour.png\",\"width\":1595,\"height\":417,\"caption\":\"Association canadienne des annonceurs\"},\"image\":{\"@id\":\"https:\/\/acaweb.ca\/fr\/#\/schema\/logo\/image\/\"}},{\"@type\":\"Person\",\"@id\":\"https:\/\/acaweb.ca\/fr\/#\/schema\/person\/09cc5e0f1b8efa083dd7628577eff761\",\"name\":\"equipeaca\",\"image\":{\"@type\":\"ImageObject\",\"inLanguage\":\"fr-CA\",\"@id\":\"https:\/\/acaweb.ca\/fr\/#\/schema\/person\/image\/\",\"url\":\"https:\/\/secure.gravatar.com\/avatar\/a08563ce11b7e5ccf61f845beae8d016?s=96&d=mm&r=g\",\"contentUrl\":\"https:\/\/secure.gravatar.com\/avatar\/a08563ce11b7e5ccf61f845beae8d016?s=96&d=mm&r=g\",\"caption\":\"equipeaca\"},\"url\":\"https:\/\/acaweb.ca\/fr\/author\/equipeaca\/\"}]}<\/script>\n<!-- \/ Yoast SEO plugin. -->","yoast_head_json":{"title":"Plus personne ne s\u2019int\u00e9resse \u00e0 la promesse de votre marque - Association canadienne des annonceurs","robots":{"index":"index","follow":"follow","max-snippet":"max-snippet:-1","max-image-preview":"max-image-preview:large","max-video-preview":"max-video-preview:-1"},"canonical":"https:\/\/acaweb.ca\/fr\/2017\/plus-personne-ne-sinteresse-a-la-promesse-de-votre-marque\/","og_locale":"fr_CA","og_type":"article","og_title":"Plus personne ne s\u2019int\u00e9resse \u00e0 la promesse de votre marque - Association canadienne des annonceurs","og_description":"Quelle est la promesse de votre marque? Selon Alexander Manu, conseiller en innovation strat\u00e9gique, auteur et professeur, cela n\u2019importe plus. M. Manu a expliqu\u00e9 sa vision dans une allocution qu\u2019il pronon\u00e7ait lors de l\u2019ouverture de la conf\u00e9rence sur la technologie publicitaire de Strategy qui avait lieu \u00e0 Toronto le mois dernier. D\u2019apr\u00e8s lui, la promesse [&hellip;]","og_url":"https:\/\/acaweb.ca\/fr\/2017\/plus-personne-ne-sinteresse-a-la-promesse-de-votre-marque\/","og_site_name":"Association canadienne des annonceurs","article_published_time":"2017-06-14T16:49:14+00:00","article_modified_time":"2021-01-08T21:34:51+00:00","og_image":[{"url":"http:\/\/www.acaweb.ca\/fr\/wp-content\/uploads\/sites\/3\/2017\/06\/Manu-photo-cropped-150x150.jpg"}],"author":"equipeaca","twitter_card":"summary_large_image","twitter_misc":{"\u00c9crit par":"equipeaca","Estimation du temps de lecture":"4 minutes"},"schema":{"@context":"https:\/\/schema.org","@graph":[{"@type":"Article","@id":"https:\/\/acaweb.ca\/fr\/2017\/plus-personne-ne-sinteresse-a-la-promesse-de-votre-marque\/#article","isPartOf":{"@id":"https:\/\/acaweb.ca\/fr\/2017\/plus-personne-ne-sinteresse-a-la-promesse-de-votre-marque\/"},"author":{"name":"equipeaca","@id":"https:\/\/acaweb.ca\/fr\/#\/schema\/person\/09cc5e0f1b8efa083dd7628577eff761"},"headline":"Plus personne ne s\u2019int\u00e9resse \u00e0 la promesse de votre marque","datePublished":"2017-06-14T16:49:14+00:00","dateModified":"2021-01-08T21:34:51+00:00","mainEntityOfPage":{"@id":"https:\/\/acaweb.ca\/fr\/2017\/plus-personne-ne-sinteresse-a-la-promesse-de-votre-marque\/"},"wordCount":896,"commentCount":0,"publisher":{"@id":"https:\/\/acaweb.ca\/fr\/#organization"},"image":{"@id":"https:\/\/acaweb.ca\/fr\/2017\/plus-personne-ne-sinteresse-a-la-promesse-de-votre-marque\/#primaryimage"},"thumbnailUrl":"http:\/\/www.acaweb.ca\/fr\/wp-content\/uploads\/sites\/3\/2017\/06\/Manu-photo-cropped-150x150.jpg","keywords":["Alexander Manu","Strategy","technologie"],"articleSection":["Marketing num\u00e9rique"],"inLanguage":"fr-CA","potentialAction":[{"@type":"CommentAction","name":"Comment","target":["https:\/\/acaweb.ca\/fr\/2017\/plus-personne-ne-sinteresse-a-la-promesse-de-votre-marque\/#respond"]}]},{"@type":"WebPage","@id":"https:\/\/acaweb.ca\/fr\/2017\/plus-personne-ne-sinteresse-a-la-promesse-de-votre-marque\/","url":"https:\/\/acaweb.ca\/fr\/2017\/plus-personne-ne-sinteresse-a-la-promesse-de-votre-marque\/","name":"Plus personne ne s\u2019int\u00e9resse \u00e0 la promesse de votre marque - Association canadienne des annonceurs","isPartOf":{"@id":"https:\/\/acaweb.ca\/fr\/#website"},"primaryImageOfPage":{"@id":"https:\/\/acaweb.ca\/fr\/2017\/plus-personne-ne-sinteresse-a-la-promesse-de-votre-marque\/#primaryimage"},"image":{"@id":"https:\/\/acaweb.ca\/fr\/2017\/plus-personne-ne-sinteresse-a-la-promesse-de-votre-marque\/#primaryimage"},"thumbnailUrl":"http:\/\/www.acaweb.ca\/fr\/wp-content\/uploads\/sites\/3\/2017\/06\/Manu-photo-cropped-150x150.jpg","datePublished":"2017-06-14T16:49:14+00:00","dateModified":"2021-01-08T21:34:51+00:00","breadcrumb":{"@id":"https:\/\/acaweb.ca\/fr\/2017\/plus-personne-ne-sinteresse-a-la-promesse-de-votre-marque\/#breadcrumb"},"inLanguage":"fr-CA","potentialAction":[{"@type":"ReadAction","target":["https:\/\/acaweb.ca\/fr\/2017\/plus-personne-ne-sinteresse-a-la-promesse-de-votre-marque\/"]}]},{"@type":"ImageObject","inLanguage":"fr-CA","@id":"https:\/\/acaweb.ca\/fr\/2017\/plus-personne-ne-sinteresse-a-la-promesse-de-votre-marque\/#primaryimage","url":"http:\/\/www.acaweb.ca\/fr\/wp-content\/uploads\/sites\/3\/2017\/06\/Manu-photo-cropped-150x150.jpg","contentUrl":"http:\/\/www.acaweb.ca\/fr\/wp-content\/uploads\/sites\/3\/2017\/06\/Manu-photo-cropped-150x150.jpg"},{"@type":"BreadcrumbList","@id":"https:\/\/acaweb.ca\/fr\/2017\/plus-personne-ne-sinteresse-a-la-promesse-de-votre-marque\/#breadcrumb","itemListElement":[{"@type":"ListItem","position":1,"name":"Accueil","item":"https:\/\/acaweb.ca\/fr\/"},{"@type":"ListItem","position":2,"name":"Plus personne ne s\u2019int\u00e9resse \u00e0 la promesse de votre marque"}]},{"@type":"WebSite","@id":"https:\/\/acaweb.ca\/fr\/#website","url":"https:\/\/acaweb.ca\/fr\/","name":"Association canadienne des annonceurs","description":"","publisher":{"@id":"https:\/\/acaweb.ca\/fr\/#organization"},"potentialAction":[{"@type":"SearchAction","target":{"@type":"EntryPoint","urlTemplate":"https:\/\/acaweb.ca\/fr\/?s={search_term_string}"},"query-input":{"@type":"PropertyValueSpecification","valueRequired":true,"valueName":"search_term_string"}}],"inLanguage":"fr-CA"},{"@type":"Organization","@id":"https:\/\/acaweb.ca\/fr\/#organization","name":"Association canadienne des annonceurs","url":"https:\/\/acaweb.ca\/fr\/","logo":{"@type":"ImageObject","inLanguage":"fr-CA","@id":"https:\/\/acaweb.ca\/fr\/#\/schema\/logo\/image\/","url":"https:\/\/acaweb.ca\/fr\/wp-content\/uploads\/sites\/3\/2017\/10\/cropped-ACA-FR-logo-colour.png","contentUrl":"https:\/\/acaweb.ca\/fr\/wp-content\/uploads\/sites\/3\/2017\/10\/cropped-ACA-FR-logo-colour.png","width":1595,"height":417,"caption":"Association canadienne des annonceurs"},"image":{"@id":"https:\/\/acaweb.ca\/fr\/#\/schema\/logo\/image\/"}},{"@type":"Person","@id":"https:\/\/acaweb.ca\/fr\/#\/schema\/person\/09cc5e0f1b8efa083dd7628577eff761","name":"equipeaca","image":{"@type":"ImageObject","inLanguage":"fr-CA","@id":"https:\/\/acaweb.ca\/fr\/#\/schema\/person\/image\/","url":"https:\/\/secure.gravatar.com\/avatar\/a08563ce11b7e5ccf61f845beae8d016?s=96&d=mm&r=g","contentUrl":"https:\/\/secure.gravatar.com\/avatar\/a08563ce11b7e5ccf61f845beae8d016?s=96&d=mm&r=g","caption":"equipeaca"},"url":"https:\/\/acaweb.ca\/fr\/author\/equipeaca\/"}]}},"_links":{"self":[{"href":"https:\/\/acaweb.ca\/fr\/wp-json\/wp\/v2\/posts\/2067"}],"collection":[{"href":"https:\/\/acaweb.ca\/fr\/wp-json\/wp\/v2\/posts"}],"about":[{"href":"https:\/\/acaweb.ca\/fr\/wp-json\/wp\/v2\/types\/post"}],"author":[{"embeddable":true,"href":"https:\/\/acaweb.ca\/fr\/wp-json\/wp\/v2\/users\/51"}],"replies":[{"embeddable":true,"href":"https:\/\/acaweb.ca\/fr\/wp-json\/wp\/v2\/comments?post=2067"}],"version-history":[{"count":1,"href":"https:\/\/acaweb.ca\/fr\/wp-json\/wp\/v2\/posts\/2067\/revisions"}],"predecessor-version":[{"id":4676,"href":"https:\/\/acaweb.ca\/fr\/wp-json\/wp\/v2\/posts\/2067\/revisions\/4676"}],"wp:attachment":[{"href":"https:\/\/acaweb.ca\/fr\/wp-json\/wp\/v2\/media?parent=2067"}],"wp:term":[{"taxonomy":"category","embeddable":true,"href":"https:\/\/acaweb.ca\/fr\/wp-json\/wp\/v2\/categories?post=2067"},{"taxonomy":"post_tag","embeddable":true,"href":"https:\/\/acaweb.ca\/fr\/wp-json\/wp\/v2\/tags?post=2067"}],"curies":[{"name":"wp","href":"https:\/\/api.w.org\/{rel}","templated":true}]}}