{"id":1995,"date":"2016-11-30T12:44:55","date_gmt":"2016-11-30T17:44:55","guid":{"rendered":"http:\/\/www.acaweb.ca\/fr\/2017\/predictions-2017-la-fievre-mediatique-continuera-de-frapper\/"},"modified":"2021-01-08T16:57:23","modified_gmt":"2021-01-08T21:57:23","slug":"predictions-2017-la-fievre-mediatique-continuera-de-frapper","status":"publish","type":"post","link":"https:\/\/acaweb.ca\/fr\/2016\/predictions-2017-la-fievre-mediatique-continuera-de-frapper\/","title":{"rendered":"PR\u00c9DICTIONS 2017 : La \u00ab fi\u00e8vre m\u00e9diatique \u00bb continuera de frapper"},"content":{"rendered":"<p><img loading=\"lazy\" decoding=\"async\" src=\"http:\/\/www.acaweb.ca\/fr\/wp-content\/uploads\/sites\/3\/2016\/11\/aca-forecasting2017-argentFR5.jpg\" alt=\"Pr\u00e9visions 2017 : La \u00ab fi\u00e8vre m\u00e9diatique continuer de frapper\" width=\"600\" height=\"280\" class=\"aligncenter wp-image-11134\" \/><\/p>\n<p><em>Alors que l\u2019industrie se pr\u00e9pare \u00e0 tourner la page sur une autre ann\u00e9e marqu\u00e9e par le changement, l\u2019ACA demande \u00e0 des experts de pr\u00e9dire les tendances qui bouleverseront 2017. Le premier \u00e0 se prononcer est Stephan Argent, de The Argedia Group, avec des pr\u00e9dictions sur la gestion de la recherche d\u2019agence.<\/em><\/p>\n<p>Nous revoici donc \u00e0 la p\u00e9riode des pr\u00e9dictions o\u00f9 nous essayons de pr\u00e9voir ce qui se passera dans le monde du marketing au cours de la prochaine ann\u00e9e\u2026 sans avoir l\u2019air compl\u00e8tement fou. <\/p>\n<p>L\u2019an dernier, je pr\u00e9disais que le secteur des m\u00e9dias continuerait de bouillonner, en raison notamment des questions persistantes au sujet de la transparence des transactions et de la production des rapports alli\u00e9es \u00e0 l\u2019importance grandissante de la technologie et des donn\u00e9es. Je crois que cette f\u00e9brilit\u00e9 se poursuivra en 2017. <!--more--><\/p>\n<p>\u00c0 part cet \u00e9pisode prolong\u00e9 de fi\u00e8vre m\u00e9diatique, \u00e0 quoi s\u2019attend-on l\u2019an prochain dans le domaine de la gestion du marketing et de la recherche d\u2019agence ?<\/p>\n<p>Voici donc mon avis sur o\u00f9 s\u2019en vont les choses et sur ce \u00e0 quoi les annonceurs doivent s\u2019attendre.<\/p>\n<p><strong>Recrutement et r\u00e9tention du personnel.<\/strong> On le sait tous, en communications marketing, tout repose sur les individus. Or, avec la pression impos\u00e9e aux agences par leur client d\u2019en faire plus, plus vite et \u00e0 co\u00fbts moindres, leur personnel s\u2019\u00e9puise et est de plus en plus \u00e0 bout de souffle, particuli\u00e8rement en m\u00e9dia. Je crois que le recrutement (et la r\u00e9tention) des meilleurs candidats sera crucial pour les annonceurs en 2017. Pourquoi ? Parce qu\u2019il y a plus que les donn\u00e9es dans la prise des d\u00e9cisions marketing. Il faut pouvoir en extraire des constats utiles et les utiliser pour g\u00e9n\u00e9rer des directions strat\u00e9giques et cr\u00e9atives essentielles. Peu importe l\u2019envergure des sources de donn\u00e9es d\u2019un annonceur, celles-ci doivent \u00eatre interpr\u00e9t\u00e9es par des gens de talents qui restent en poste assez longtemps pour \u00eatre en mesure de d\u00e9montrer leur valeur pour leur agence et ses clients.<\/p>\n<p><strong>Individualisation des relations avec les consommateurs et exp\u00e9rience client. <\/strong>Si on aura toujours besoin de strat\u00e9gies brillantes, de cr\u00e9ativit\u00e9 et d\u2019id\u00e9es g\u00e9niales, je pense que l\u2019on recherchera encore plus cette ann\u00e9e des solutions permettant d\u2019enrichir l\u2019exp\u00e9rience client et de la rendre encore plus personnelle. Les agences devront aller beaucoup plus loin que de d\u00e9montrer qu\u2019elles sont capables de se \u00ab d\u00e9marquer \u00bb dans un environnement encombr\u00e9. Ce qui fera la diff\u00e9rence, c\u2019est leur capacit\u00e9 \u00e0 partir d\u2019une meilleure compr\u00e9hension du cheminement du consommateur pour cr\u00e9er des solutions personnalis\u00e9es facilitant l\u2019\u00e9tablissement d\u2019un rapport plus profond et plus imaginatif avec les marques. <\/p>\n<p><strong>Des mesures plus d\u00e9taill\u00e9es.<\/strong> L\u2019individualisation de l\u2019exp\u00e9rience client est indissociable d\u2019un besoin accru d\u2019\u00e9valuation et de compr\u00e9hension de la fa\u00e7on dont ces nouvelles exp\u00e9riences influencent le comportement du consommateur. Les annonceurs voudront savoir exactement comment les agences \u00e9valuent l\u2019efficacit\u00e9 de leurs campagnes et comment elles peuvent r\u00e9agir \u00e0 ces constats pour ajuster leurs campagnes en cours de route. Peut-\u00eatre arrivera-t-on enfin \u00e0 s\u2019entendre sur une formule valable de mesure du retour sur investissement.<br \/>\n<strong><br \/>\nPaiement bas\u00e9 sur les r\u00e9sultats.<\/strong> On a constat\u00e9 un regain d\u2019int\u00e9r\u00eat des annonceurs envers le paiement bas\u00e9 sur les r\u00e9sultats. Avec l\u2019accroissement de l\u2019emphase sur les donn\u00e9es et sur l\u2019\u00e9valuation, je crois que des clauses de paiement bas\u00e9 sur les r\u00e9sultats deviendront quasi universelles dans les contrats d\u2019agence cette ann\u00e9e. L\u2019adoption de crit\u00e8res plus clairs permettra de mieux d\u00e9finir les seuils de paiement des bonis (ou des p\u00e9nalit\u00e9s) de performance. Par cons\u00e9quent, les annonceurs devront pr\u00e9voir des budgets plus \u00e9lev\u00e9s pour \u00eatre en mesure de payer leurs agences les plus performantes.<br \/>\n<strong><br \/>\nCapacit\u00e9 et co\u00fbts de production vid\u00e9o.<\/strong> La personnalisation de la publicit\u00e9 combin\u00e9e \u00e0 un app\u00e9tit toujours plus grand pour les contenus vid\u00e9o mettront encore plus d\u2019emphase sur la n\u00e9cessit\u00e9 de productions vid\u00e9o de grande qualit\u00e9 \u00e0 bas prix. Les annonceurs consid\u00e8rent les vid\u00e9os comme des sources d\u2019achalandage pour leurs commerces et leurs plateformes m\u00e9dia. Ils veulent donc savoir comment leurs agences peuvent en assurer la production sans la complexit\u00e9, les d\u00e9lais et les co\u00fbts des tournages t\u00e9l\u00e9vision. Les services de production internes dot\u00e9s d\u2019un personnel qui conna\u00eet \u00e0 fond les marques de l\u2019entreprise auront l\u2019avantage.<\/p>\n<p><strong>La fin des demandes de renseignements et des appels d\u2019offres ?<\/strong> J\u2019ai \u00e9crit un article \u00e0 ce sujet \u00e0 la fin de l\u2019an dernier qui a vraiment frapp\u00e9 les lecteurs. Je ne crois pas que de telles requ\u00eates dispara\u00eetront compl\u00e8tement, mais je per\u00e7ois un d\u00e9sir tr\u00e8s sain d\u2019all\u00e9ger la m\u00e9thodologie utilis\u00e9e par les services des approvisionnements. Voil\u00e0 pourquoi au Argedia Group, nous avons cr\u00e9\u00e9 un processus de recherche \u00ab l\u00e9ger \u00bb qui \u00e9limine les propositions de cr\u00e9ation et de strat\u00e9gie et qui met l\u2019accent sur la compatibilit\u00e9 client-agence et sur les comp\u00e9tences futures plut\u00f4t que sur les succ\u00e8s pass\u00e9s. Plus les annonceurs chercheront \u00e0 en faire plus avec moins, plus je pense que ces propositions d\u2019agences \u00ab l\u00e9g\u00e8res \u00bb se r\u00e9pandront. <\/p>\n<p>Bref, au bout du compte, qu\u2019il s\u2019agisse d\u2019all\u00e9ger le processus d\u2019offre de service, de trouver des gens capables d\u2019analyser ses donn\u00e9es ou de rendre heureux les membres de son \u00e9quipe et les stars de son agence, tout cela se ram\u00e8ne aux personnes qui font le travail et \u00e0 la cr\u00e9ation de liens interpersonnels permettant de donner un sens \u00e0 notre travail. <\/p>\n<p><em>Stephan Argent est chef de la direction de la plus importante firme de consultants sp\u00e9cialis\u00e9s en gestion de la recherche d\u2019agence au Canada, The Argedia Group. Vous trouverez d\u2019autres essais comme celui-ci dans son blogue <a href=\"http:\/\/marketingunscrewed.com\/\" target=\"_blank\" rel=\"noopener noreferrer\">Marketing Unscrewed<\/a>.<\/em><\/p>\n","protected":false},"excerpt":{"rendered":"<p>Alors que l\u2019industrie se pr\u00e9pare \u00e0 tourner la page sur une autre ann\u00e9e marqu\u00e9e par le changement, l\u2019ACA demande \u00e0 des experts de pr\u00e9dire les tendances qui bouleverseront 2017. Le premier \u00e0 se prononcer est Stephan Argent, de The Argedia Group, avec des pr\u00e9dictions sur la gestion de la recherche d\u2019agence. Nous revoici donc \u00e0 [&hellip;]<\/p>\n","protected":false},"author":48,"featured_media":0,"comment_status":"open","ping_status":"open","sticky":false,"template":"","format":"standard","meta":{"_acf_changed":false,"content-type":"","footnotes":""},"categories":[86,250],"tags":[117,118,119,120,102,45,46],"acf":[],"yoast_head":"<!-- This site is optimized with the Yoast SEO plugin v23.4 - https:\/\/yoast.com\/wordpress\/plugins\/seo\/ -->\n<title>PR\u00c9DICTIONS 2017 : La \u00ab fi\u00e8vre m\u00e9diatique \u00bb continuera de frapper - Association canadienne des annonceurs<\/title>\n<meta name=\"robots\" content=\"index, follow, max-snippet:-1, max-image-preview:large, max-video-preview:-1\" \/>\n<link rel=\"canonical\" href=\"https:\/\/acaweb.ca\/fr\/2016\/predictions-2017-la-fievre-mediatique-continuera-de-frapper\/\" \/>\n<meta property=\"og:locale\" content=\"fr_CA\" \/>\n<meta property=\"og:type\" content=\"article\" \/>\n<meta property=\"og:title\" content=\"PR\u00c9DICTIONS 2017 : La \u00ab fi\u00e8vre m\u00e9diatique \u00bb continuera de frapper - Association canadienne des annonceurs\" \/>\n<meta property=\"og:description\" content=\"Alors que l\u2019industrie se pr\u00e9pare \u00e0 tourner la page sur une autre ann\u00e9e marqu\u00e9e par le changement, l\u2019ACA demande \u00e0 des experts de pr\u00e9dire les tendances qui bouleverseront 2017. Le premier \u00e0 se prononcer est Stephan Argent, de The Argedia Group, avec des pr\u00e9dictions sur la gestion de la recherche d\u2019agence. Nous revoici donc \u00e0 [&hellip;]\" \/>\n<meta property=\"og:url\" content=\"https:\/\/acaweb.ca\/fr\/2016\/predictions-2017-la-fievre-mediatique-continuera-de-frapper\/\" \/>\n<meta property=\"og:site_name\" content=\"Association canadienne des annonceurs\" \/>\n<meta property=\"article:published_time\" content=\"2016-11-30T17:44:55+00:00\" \/>\n<meta property=\"article:modified_time\" content=\"2021-01-08T21:57:23+00:00\" \/>\n<meta property=\"og:image\" content=\"http:\/\/www.acaweb.ca\/fr\/wp-content\/uploads\/sites\/3\/2016\/11\/aca-forecasting2017-argentFR5.jpg\" \/>\n<meta name=\"author\" content=\"Stephan Argent\" \/>\n<meta name=\"twitter:card\" content=\"summary_large_image\" \/>\n<meta name=\"twitter:label1\" content=\"\u00c9crit par\" \/>\n\t<meta name=\"twitter:data1\" content=\"Stephan Argent\" \/>\n\t<meta name=\"twitter:label2\" content=\"Estimation du temps de lecture\" \/>\n\t<meta name=\"twitter:data2\" content=\"5 minutes\" \/>\n<script type=\"application\/ld+json\" class=\"yoast-schema-graph\">{\"@context\":\"https:\/\/schema.org\",\"@graph\":[{\"@type\":\"Article\",\"@id\":\"https:\/\/acaweb.ca\/fr\/2016\/predictions-2017-la-fievre-mediatique-continuera-de-frapper\/#article\",\"isPartOf\":{\"@id\":\"https:\/\/acaweb.ca\/fr\/2016\/predictions-2017-la-fievre-mediatique-continuera-de-frapper\/\"},\"author\":{\"name\":\"Stephan Argent\",\"@id\":\"https:\/\/acaweb.ca\/fr\/#\/schema\/person\/56ffa4ec0f14917d120e6f28a7c91ced\"},\"headline\":\"PR\u00c9DICTIONS 2017 : La \u00ab fi\u00e8vre m\u00e9diatique \u00bb continuera de frapper\",\"datePublished\":\"2016-11-30T17:44:55+00:00\",\"dateModified\":\"2021-01-08T21:57:23+00:00\",\"mainEntityOfPage\":{\"@id\":\"https:\/\/acaweb.ca\/fr\/2016\/predictions-2017-la-fievre-mediatique-continuera-de-frapper\/\"},\"wordCount\":1042,\"commentCount\":0,\"publisher\":{\"@id\":\"https:\/\/acaweb.ca\/fr\/#organization\"},\"image\":{\"@id\":\"https:\/\/acaweb.ca\/fr\/2016\/predictions-2017-la-fievre-mediatique-continuera-de-frapper\/#primaryimage\"},\"thumbnailUrl\":\"http:\/\/www.acaweb.ca\/fr\/wp-content\/uploads\/sites\/3\/2016\/11\/aca-forecasting2017-argentFR5.jpg\",\"keywords\":[\"gestion de la recherche d\u2019agence\",\"gestion financi\u00e8re des achats\",\"Pr\u00e9dictions 2017\",\"Pr\u00e9visions\",\"recherche d\u2019agence\",\"Stephan Argent\",\"The Argedia Group\"],\"articleSection\":[\"Agences\",\"Gestion financi\u00e8re des achats\"],\"inLanguage\":\"fr-CA\",\"potentialAction\":[{\"@type\":\"CommentAction\",\"name\":\"Comment\",\"target\":[\"https:\/\/acaweb.ca\/fr\/2016\/predictions-2017-la-fievre-mediatique-continuera-de-frapper\/#respond\"]}]},{\"@type\":\"WebPage\",\"@id\":\"https:\/\/acaweb.ca\/fr\/2016\/predictions-2017-la-fievre-mediatique-continuera-de-frapper\/\",\"url\":\"https:\/\/acaweb.ca\/fr\/2016\/predictions-2017-la-fievre-mediatique-continuera-de-frapper\/\",\"name\":\"PR\u00c9DICTIONS 2017 : La \u00ab fi\u00e8vre m\u00e9diatique \u00bb continuera de frapper - Association canadienne des annonceurs\",\"isPartOf\":{\"@id\":\"https:\/\/acaweb.ca\/fr\/#website\"},\"primaryImageOfPage\":{\"@id\":\"https:\/\/acaweb.ca\/fr\/2016\/predictions-2017-la-fievre-mediatique-continuera-de-frapper\/#primaryimage\"},\"image\":{\"@id\":\"https:\/\/acaweb.ca\/fr\/2016\/predictions-2017-la-fievre-mediatique-continuera-de-frapper\/#primaryimage\"},\"thumbnailUrl\":\"http:\/\/www.acaweb.ca\/fr\/wp-content\/uploads\/sites\/3\/2016\/11\/aca-forecasting2017-argentFR5.jpg\",\"datePublished\":\"2016-11-30T17:44:55+00:00\",\"dateModified\":\"2021-01-08T21:57:23+00:00\",\"breadcrumb\":{\"@id\":\"https:\/\/acaweb.ca\/fr\/2016\/predictions-2017-la-fievre-mediatique-continuera-de-frapper\/#breadcrumb\"},\"inLanguage\":\"fr-CA\",\"potentialAction\":[{\"@type\":\"ReadAction\",\"target\":[\"https:\/\/acaweb.ca\/fr\/2016\/predictions-2017-la-fievre-mediatique-continuera-de-frapper\/\"]}]},{\"@type\":\"ImageObject\",\"inLanguage\":\"fr-CA\",\"@id\":\"https:\/\/acaweb.ca\/fr\/2016\/predictions-2017-la-fievre-mediatique-continuera-de-frapper\/#primaryimage\",\"url\":\"http:\/\/www.acaweb.ca\/fr\/wp-content\/uploads\/sites\/3\/2016\/11\/aca-forecasting2017-argentFR5.jpg\",\"contentUrl\":\"http:\/\/www.acaweb.ca\/fr\/wp-content\/uploads\/sites\/3\/2016\/11\/aca-forecasting2017-argentFR5.jpg\"},{\"@type\":\"BreadcrumbList\",\"@id\":\"https:\/\/acaweb.ca\/fr\/2016\/predictions-2017-la-fievre-mediatique-continuera-de-frapper\/#breadcrumb\",\"itemListElement\":[{\"@type\":\"ListItem\",\"position\":1,\"name\":\"Accueil\",\"item\":\"https:\/\/acaweb.ca\/fr\/\"},{\"@type\":\"ListItem\",\"position\":2,\"name\":\"PR\u00c9DICTIONS 2017 : La \u00ab fi\u00e8vre m\u00e9diatique \u00bb continuera de frapper\"}]},{\"@type\":\"WebSite\",\"@id\":\"https:\/\/acaweb.ca\/fr\/#website\",\"url\":\"https:\/\/acaweb.ca\/fr\/\",\"name\":\"Association canadienne des annonceurs\",\"description\":\"\",\"publisher\":{\"@id\":\"https:\/\/acaweb.ca\/fr\/#organization\"},\"potentialAction\":[{\"@type\":\"SearchAction\",\"target\":{\"@type\":\"EntryPoint\",\"urlTemplate\":\"https:\/\/acaweb.ca\/fr\/?s={search_term_string}\"},\"query-input\":{\"@type\":\"PropertyValueSpecification\",\"valueRequired\":true,\"valueName\":\"search_term_string\"}}],\"inLanguage\":\"fr-CA\"},{\"@type\":\"Organization\",\"@id\":\"https:\/\/acaweb.ca\/fr\/#organization\",\"name\":\"Association canadienne des annonceurs\",\"url\":\"https:\/\/acaweb.ca\/fr\/\",\"logo\":{\"@type\":\"ImageObject\",\"inLanguage\":\"fr-CA\",\"@id\":\"https:\/\/acaweb.ca\/fr\/#\/schema\/logo\/image\/\",\"url\":\"https:\/\/acaweb.ca\/fr\/wp-content\/uploads\/sites\/3\/2017\/10\/cropped-ACA-FR-logo-colour.png\",\"contentUrl\":\"https:\/\/acaweb.ca\/fr\/wp-content\/uploads\/sites\/3\/2017\/10\/cropped-ACA-FR-logo-colour.png\",\"width\":1595,\"height\":417,\"caption\":\"Association canadienne des annonceurs\"},\"image\":{\"@id\":\"https:\/\/acaweb.ca\/fr\/#\/schema\/logo\/image\/\"}},{\"@type\":\"Person\",\"@id\":\"https:\/\/acaweb.ca\/fr\/#\/schema\/person\/56ffa4ec0f14917d120e6f28a7c91ced\",\"name\":\"Stephan Argent\",\"image\":{\"@type\":\"ImageObject\",\"inLanguage\":\"fr-CA\",\"@id\":\"https:\/\/acaweb.ca\/fr\/#\/schema\/person\/image\/\",\"url\":\"https:\/\/secure.gravatar.com\/avatar\/1317a656ec76ab5f6387debb93dafacb?s=96&d=mm&r=g\",\"contentUrl\":\"https:\/\/secure.gravatar.com\/avatar\/1317a656ec76ab5f6387debb93dafacb?s=96&d=mm&r=g\",\"caption\":\"Stephan Argent\"},\"description\":\"Fondateur\/Propri\u00e9taire, Listenmore Inc.\",\"url\":\"https:\/\/acaweb.ca\/fr\/author\/stephargent\/\"}]}<\/script>\n<!-- \/ Yoast SEO plugin. -->","yoast_head_json":{"title":"PR\u00c9DICTIONS 2017 : La \u00ab fi\u00e8vre m\u00e9diatique \u00bb continuera de frapper - Association canadienne des annonceurs","robots":{"index":"index","follow":"follow","max-snippet":"max-snippet:-1","max-image-preview":"max-image-preview:large","max-video-preview":"max-video-preview:-1"},"canonical":"https:\/\/acaweb.ca\/fr\/2016\/predictions-2017-la-fievre-mediatique-continuera-de-frapper\/","og_locale":"fr_CA","og_type":"article","og_title":"PR\u00c9DICTIONS 2017 : La \u00ab fi\u00e8vre m\u00e9diatique \u00bb continuera de frapper - Association canadienne des annonceurs","og_description":"Alors que l\u2019industrie se pr\u00e9pare \u00e0 tourner la page sur une autre ann\u00e9e marqu\u00e9e par le changement, l\u2019ACA demande \u00e0 des experts de pr\u00e9dire les tendances qui bouleverseront 2017. Le premier \u00e0 se prononcer est Stephan Argent, de The Argedia Group, avec des pr\u00e9dictions sur la gestion de la recherche d\u2019agence. Nous revoici donc \u00e0 [&hellip;]","og_url":"https:\/\/acaweb.ca\/fr\/2016\/predictions-2017-la-fievre-mediatique-continuera-de-frapper\/","og_site_name":"Association canadienne des annonceurs","article_published_time":"2016-11-30T17:44:55+00:00","article_modified_time":"2021-01-08T21:57:23+00:00","og_image":[{"url":"http:\/\/www.acaweb.ca\/fr\/wp-content\/uploads\/sites\/3\/2016\/11\/aca-forecasting2017-argentFR5.jpg"}],"author":"Stephan Argent","twitter_card":"summary_large_image","twitter_misc":{"\u00c9crit par":"Stephan Argent","Estimation du temps de lecture":"5 minutes"},"schema":{"@context":"https:\/\/schema.org","@graph":[{"@type":"Article","@id":"https:\/\/acaweb.ca\/fr\/2016\/predictions-2017-la-fievre-mediatique-continuera-de-frapper\/#article","isPartOf":{"@id":"https:\/\/acaweb.ca\/fr\/2016\/predictions-2017-la-fievre-mediatique-continuera-de-frapper\/"},"author":{"name":"Stephan Argent","@id":"https:\/\/acaweb.ca\/fr\/#\/schema\/person\/56ffa4ec0f14917d120e6f28a7c91ced"},"headline":"PR\u00c9DICTIONS 2017 : La \u00ab fi\u00e8vre m\u00e9diatique \u00bb continuera de frapper","datePublished":"2016-11-30T17:44:55+00:00","dateModified":"2021-01-08T21:57:23+00:00","mainEntityOfPage":{"@id":"https:\/\/acaweb.ca\/fr\/2016\/predictions-2017-la-fievre-mediatique-continuera-de-frapper\/"},"wordCount":1042,"commentCount":0,"publisher":{"@id":"https:\/\/acaweb.ca\/fr\/#organization"},"image":{"@id":"https:\/\/acaweb.ca\/fr\/2016\/predictions-2017-la-fievre-mediatique-continuera-de-frapper\/#primaryimage"},"thumbnailUrl":"http:\/\/www.acaweb.ca\/fr\/wp-content\/uploads\/sites\/3\/2016\/11\/aca-forecasting2017-argentFR5.jpg","keywords":["gestion de la recherche d\u2019agence","gestion financi\u00e8re des achats","Pr\u00e9dictions 2017","Pr\u00e9visions","recherche d\u2019agence","Stephan Argent","The Argedia Group"],"articleSection":["Agences","Gestion financi\u00e8re des achats"],"inLanguage":"fr-CA","potentialAction":[{"@type":"CommentAction","name":"Comment","target":["https:\/\/acaweb.ca\/fr\/2016\/predictions-2017-la-fievre-mediatique-continuera-de-frapper\/#respond"]}]},{"@type":"WebPage","@id":"https:\/\/acaweb.ca\/fr\/2016\/predictions-2017-la-fievre-mediatique-continuera-de-frapper\/","url":"https:\/\/acaweb.ca\/fr\/2016\/predictions-2017-la-fievre-mediatique-continuera-de-frapper\/","name":"PR\u00c9DICTIONS 2017 : La \u00ab fi\u00e8vre m\u00e9diatique \u00bb continuera de frapper - Association canadienne des annonceurs","isPartOf":{"@id":"https:\/\/acaweb.ca\/fr\/#website"},"primaryImageOfPage":{"@id":"https:\/\/acaweb.ca\/fr\/2016\/predictions-2017-la-fievre-mediatique-continuera-de-frapper\/#primaryimage"},"image":{"@id":"https:\/\/acaweb.ca\/fr\/2016\/predictions-2017-la-fievre-mediatique-continuera-de-frapper\/#primaryimage"},"thumbnailUrl":"http:\/\/www.acaweb.ca\/fr\/wp-content\/uploads\/sites\/3\/2016\/11\/aca-forecasting2017-argentFR5.jpg","datePublished":"2016-11-30T17:44:55+00:00","dateModified":"2021-01-08T21:57:23+00:00","breadcrumb":{"@id":"https:\/\/acaweb.ca\/fr\/2016\/predictions-2017-la-fievre-mediatique-continuera-de-frapper\/#breadcrumb"},"inLanguage":"fr-CA","potentialAction":[{"@type":"ReadAction","target":["https:\/\/acaweb.ca\/fr\/2016\/predictions-2017-la-fievre-mediatique-continuera-de-frapper\/"]}]},{"@type":"ImageObject","inLanguage":"fr-CA","@id":"https:\/\/acaweb.ca\/fr\/2016\/predictions-2017-la-fievre-mediatique-continuera-de-frapper\/#primaryimage","url":"http:\/\/www.acaweb.ca\/fr\/wp-content\/uploads\/sites\/3\/2016\/11\/aca-forecasting2017-argentFR5.jpg","contentUrl":"http:\/\/www.acaweb.ca\/fr\/wp-content\/uploads\/sites\/3\/2016\/11\/aca-forecasting2017-argentFR5.jpg"},{"@type":"BreadcrumbList","@id":"https:\/\/acaweb.ca\/fr\/2016\/predictions-2017-la-fievre-mediatique-continuera-de-frapper\/#breadcrumb","itemListElement":[{"@type":"ListItem","position":1,"name":"Accueil","item":"https:\/\/acaweb.ca\/fr\/"},{"@type":"ListItem","position":2,"name":"PR\u00c9DICTIONS 2017 : La \u00ab fi\u00e8vre m\u00e9diatique \u00bb continuera de frapper"}]},{"@type":"WebSite","@id":"https:\/\/acaweb.ca\/fr\/#website","url":"https:\/\/acaweb.ca\/fr\/","name":"Association canadienne des annonceurs","description":"","publisher":{"@id":"https:\/\/acaweb.ca\/fr\/#organization"},"potentialAction":[{"@type":"SearchAction","target":{"@type":"EntryPoint","urlTemplate":"https:\/\/acaweb.ca\/fr\/?s={search_term_string}"},"query-input":{"@type":"PropertyValueSpecification","valueRequired":true,"valueName":"search_term_string"}}],"inLanguage":"fr-CA"},{"@type":"Organization","@id":"https:\/\/acaweb.ca\/fr\/#organization","name":"Association canadienne des annonceurs","url":"https:\/\/acaweb.ca\/fr\/","logo":{"@type":"ImageObject","inLanguage":"fr-CA","@id":"https:\/\/acaweb.ca\/fr\/#\/schema\/logo\/image\/","url":"https:\/\/acaweb.ca\/fr\/wp-content\/uploads\/sites\/3\/2017\/10\/cropped-ACA-FR-logo-colour.png","contentUrl":"https:\/\/acaweb.ca\/fr\/wp-content\/uploads\/sites\/3\/2017\/10\/cropped-ACA-FR-logo-colour.png","width":1595,"height":417,"caption":"Association canadienne des annonceurs"},"image":{"@id":"https:\/\/acaweb.ca\/fr\/#\/schema\/logo\/image\/"}},{"@type":"Person","@id":"https:\/\/acaweb.ca\/fr\/#\/schema\/person\/56ffa4ec0f14917d120e6f28a7c91ced","name":"Stephan Argent","image":{"@type":"ImageObject","inLanguage":"fr-CA","@id":"https:\/\/acaweb.ca\/fr\/#\/schema\/person\/image\/","url":"https:\/\/secure.gravatar.com\/avatar\/1317a656ec76ab5f6387debb93dafacb?s=96&d=mm&r=g","contentUrl":"https:\/\/secure.gravatar.com\/avatar\/1317a656ec76ab5f6387debb93dafacb?s=96&d=mm&r=g","caption":"Stephan Argent"},"description":"Fondateur\/Propri\u00e9taire, Listenmore Inc.","url":"https:\/\/acaweb.ca\/fr\/author\/stephargent\/"}]}},"_links":{"self":[{"href":"https:\/\/acaweb.ca\/fr\/wp-json\/wp\/v2\/posts\/1995"}],"collection":[{"href":"https:\/\/acaweb.ca\/fr\/wp-json\/wp\/v2\/posts"}],"about":[{"href":"https:\/\/acaweb.ca\/fr\/wp-json\/wp\/v2\/types\/post"}],"author":[{"embeddable":true,"href":"https:\/\/acaweb.ca\/fr\/wp-json\/wp\/v2\/users\/48"}],"replies":[{"embeddable":true,"href":"https:\/\/acaweb.ca\/fr\/wp-json\/wp\/v2\/comments?post=1995"}],"version-history":[{"count":1,"href":"https:\/\/acaweb.ca\/fr\/wp-json\/wp\/v2\/posts\/1995\/revisions"}],"predecessor-version":[{"id":4682,"href":"https:\/\/acaweb.ca\/fr\/wp-json\/wp\/v2\/posts\/1995\/revisions\/4682"}],"wp:attachment":[{"href":"https:\/\/acaweb.ca\/fr\/wp-json\/wp\/v2\/media?parent=1995"}],"wp:term":[{"taxonomy":"category","embeddable":true,"href":"https:\/\/acaweb.ca\/fr\/wp-json\/wp\/v2\/categories?post=1995"},{"taxonomy":"post_tag","embeddable":true,"href":"https:\/\/acaweb.ca\/fr\/wp-json\/wp\/v2\/tags?post=1995"}],"curies":[{"name":"wp","href":"https:\/\/api.w.org\/{rel}","templated":true}]}}